{"id":16048,"date":"2017-12-08T08:43:06","date_gmt":"2017-12-08T13:43:06","guid":{"rendered":"http:\/\/www.ecuadoraldia.com.ec\/?p=16048"},"modified":"2017-12-08T08:43:06","modified_gmt":"2017-12-08T13:43:06","slug":"fiscalia-pide-la-pena-maxima-para-glas-en-caso-odebrecht","status":"publish","type":"post","link":"https:\/\/www.ecuadoraldia.com.ec\/?p=16048","title":{"rendered":"Fiscal\u00eda pide la pena m\u00e1xima para Glas en caso Odebrecht"},"content":{"rendered":"<p><a href=\"http:\/\/www.ecuadoraldia.com.ec\/wp-content\/uploads\/2017\/12\/glas.jpg\"><img loading=\"lazy\" decoding=\"async\" class=\"alignleft size-medium wp-image-16049\" src=\"http:\/\/www.ecuadoraldia.com.ec\/wp-content\/uploads\/2017\/12\/glas-300x169.jpg\" alt=\"\" width=\"300\" height=\"169\" srcset=\"https:\/\/www.ecuadoraldia.com.ec\/wp-content\/uploads\/2017\/12\/glas-300x169.jpg 300w, https:\/\/www.ecuadoraldia.com.ec\/wp-content\/uploads\/2017\/12\/glas-768x432.jpg 768w, https:\/\/www.ecuadoraldia.com.ec\/wp-content\/uploads\/2017\/12\/glas.jpg 800w\" sizes=\"(max-width: 300px) 100vw, 300px\" \/><\/a><\/p>\n<p>El Fiscal General del Estado, Carlos Baca, pidi\u00f3 este jueves 7 de diciembre de 2017 la pena m\u00e1xima por el delito de asociaci\u00f3n il\u00edcita, para el vicepresidente sin funciones Jorge Glas, en calidad de autor del delito.<\/p>\n<p>Baca hizo el pedido al presentar los alegatos finales en el juicio que se sigue desde el 24 de noviembre en la Corte Nacional de Justicia contra Glas y otras ocho personas procesadas, entre ellas su t\u00edo Ricardo Rivera, e inst\u00f3 al juez a que dicte sentencia.<\/p>\n<p>El fiscal inici\u00f3 su exposici\u00f3n explicando el delito de asociaci\u00f3n il\u00edcita a trav\u00e9s de las asistencias penales internacionales, los testimonios y la pericia de an\u00e1lisis financiero realizada, que constata los montos de transferencias por $ 33,5 millones.<\/p>\n<p>Ambas partes, acusadora y defensa, llegaron esta ma\u00f1ana a la Corte Nacional de Justicia (CNJ) cuya audiencia de juzgamiento llega hoy a su d\u00eda 13.<\/p>\n<p>Este mismo jueves, el procurador del Estado, Diego Garc\u00eda, alert\u00f3 sobre la indefensi\u00f3n en la que queda el estado ecuatoriano, una vez que los jueces excluyeron al representante de la Procuradur\u00eda del caso, debido al retraso de su representante en el d\u00eda 11 de la audiencia.<\/p>\n<p>Garc\u00eda dijo que los jueces deber\u00edan permitir que la Procuradur\u00eda presente sus alegatos de cierre, para no violar la norma contenida en el art\u00edculo 432, numeral 1 del COIP.<\/p>\n<p>Baca present\u00f3 los alegatos de cierre en la audiencia de juzgamiento, que son los argumentos jur\u00eddicos y conclusiones a las que llega la Fiscal\u00eda luego de presentar sus pruebas, acusar a cada procesado y solicitar al juez que dicte la sentencia.<\/p>\n<p>La Fiscal\u00eda se\u00f1al\u00f3 que se ha demostrado la participaci\u00f3n de Glas en la estructura delincuencial con los testimonios del ex secretario jur\u00eddico de la Presidencia Alexis Mera; de los exfuncionarios Rafael Poveda, Marco Calvopi\u00f1a y Eduardo Barredo; de su t\u00edo y de Jos\u00e9 Santos, exdirectivo de Odebrecht en Ecuador.<\/p>\n<p>El fiscal explicaba que Glas en el ejercicio de sus funciones mantuvo el control de distintas \u00e1reas estrat\u00e9gicas: la hidrocarbur\u00edfera, hidroel\u00e9ctrica, riego y telecomunicaciones.<\/p>\n<p>Junto al poder y a la injerencia que ejerc\u00eda Glas, Baca tambi\u00e9n dijo que se prob\u00f3 la relaci\u00f3n m\u00e1s all\u00e1 de lo familiar que mantuvo con Rivera, de quien se\u00f1al\u00f3 actuaba como su intermediario, adem\u00e1s de que qued\u00f3 demostrado que las obras en donde se produjo este esquema de sobornos pertenec\u00edan a los sectores estrat\u00e9gicos.<\/p>\n<p>Eduardo Franco, defensor de Glas, afirm\u00f3 que el tipo penal que se quiere aplicar no es el adecuado y asegur\u00f3 que no se ha logrado demostrar la materialidad del delito y tampoco se ha evidenciado cu\u00e1les son los delitos de menos de cinco a\u00f1os que se han cometido en esta supuesta asociaci\u00f3n il\u00edcita.<\/p>\n<p>El Tribunal suspendi\u00f3 ayer la audiencia, y hoy se reanud\u00f3 para dar inicio al debate que versar\u00e1 en 4 par\u00e1metros: existencia de la infracci\u00f3n, responsabilidad de la persona en el hecho, la pena aplicable y responsabilidad integral.<\/p>\n<p>El conjuez \u00c9dgar Flores indic\u00f3 ayer que este jueves, a la hora que sea, terminar\u00e1 la etapa de alegatos finales y, una vez concluida, el Tribunal ingresar\u00eda a analizar la resoluci\u00f3n que tomar\u00e1 en el caso de asociaci\u00f3n il\u00edcita.<\/p>\n<p>La Fiscal\u00eda, que se abstuvo de acusar del mismo cargo al delator y exdirector de Odebrecht en Ecuador, Jos\u00e9 Concei\u00e7\u00e3o Santos, advierte desde hace semanas que Glas y otros involucrados podr\u00edan ser acusados de m\u00e1s delitos como cohecho y enriquecimiento il\u00edcito, con penas mucho mucho m\u00e1s severas.<\/p>\n","protected":false},"excerpt":{"rendered":"<p>El Fiscal General del Estado, Carlos Baca, pidi\u00f3 este jueves 7 de diciembre de 2017 la pena m\u00e1xima por el<\/p>\n","protected":false},"author":1,"featured_media":16049,"comment_status":"closed","ping_status":"closed","sticky":false,"template":"","format":"standard","meta":{"footnotes":""},"categories":[5],"tags":[],"_links":{"self":[{"href":"https:\/\/www.ecuadoraldia.com.ec\/index.php?rest_route=\/wp\/v2\/posts\/16048"}],"collection":[{"href":"https:\/\/www.ecuadoraldia.com.ec\/index.php?rest_route=\/wp\/v2\/posts"}],"about":[{"href":"https:\/\/www.ecuadoraldia.com.ec\/index.php?rest_route=\/wp\/v2\/types\/post"}],"author":[{"embeddable":true,"href":"https:\/\/www.ecuadoraldia.com.ec\/index.php?rest_route=\/wp\/v2\/users\/1"}],"replies":[{"embeddable":true,"href":"https:\/\/www.ecuadoraldia.com.ec\/index.php?rest_route=%2Fwp%2Fv2%2Fcomments&post=16048"}],"version-history":[{"count":1,"href":"https:\/\/www.ecuadoraldia.com.ec\/index.php?rest_route=\/wp\/v2\/posts\/16048\/revisions"}],"predecessor-version":[{"id":16050,"href":"https:\/\/www.ecuadoraldia.com.ec\/index.php?rest_route=\/wp\/v2\/posts\/16048\/revisions\/16050"}],"wp:featuredmedia":[{"embeddable":true,"href":"https:\/\/www.ecuadoraldia.com.ec\/index.php?rest_route=\/wp\/v2\/media\/16049"}],"wp:attachment":[{"href":"https:\/\/www.ecuadoraldia.com.ec\/index.php?rest_route=%2Fwp%2Fv2%2Fmedia&parent=16048"}],"wp:term":[{"taxonomy":"category","embeddable":true,"href":"https:\/\/www.ecuadoraldia.com.ec\/index.php?rest_route=%2Fwp%2Fv2%2Fcategories&post=16048"},{"taxonomy":"post_tag","embeddable":true,"href":"https:\/\/www.ecuadoraldia.com.ec\/index.php?rest_route=%2Fwp%2Fv2%2Ftags&post=16048"}],"curies":[{"name":"wp","href":"https:\/\/api.w.org\/{rel}","templated":true}]}}