{"id":16052,"date":"2017-12-10T09:17:03","date_gmt":"2017-12-10T14:17:03","guid":{"rendered":"http:\/\/www.ecuadoraldia.com.ec\/?p=16052"},"modified":"2017-12-10T09:19:27","modified_gmt":"2017-12-10T14:19:27","slug":"la-reportera-que-liderara-consulta-demoreno","status":"publish","type":"post","link":"https:\/\/www.ecuadoraldia.com.ec\/?p=16052","title":{"rendered":"La reportera que liderar\u00e1 consulta deMoreno"},"content":{"rendered":"<p><a href=\"http:\/\/www.ecuadoraldia.com.ec\/wp-content\/uploads\/2017\/12\/consejera-nuvia.jpg\"><img loading=\"lazy\" decoding=\"async\" class=\"alignleft size-medium wp-image-16053\" src=\"http:\/\/www.ecuadoraldia.com.ec\/wp-content\/uploads\/2017\/12\/consejera-nuvia-300x206.jpg\" alt=\"\" width=\"300\" height=\"206\" srcset=\"https:\/\/www.ecuadoraldia.com.ec\/wp-content\/uploads\/2017\/12\/consejera-nuvia-300x206.jpg 300w, https:\/\/www.ecuadoraldia.com.ec\/wp-content\/uploads\/2017\/12\/consejera-nuvia-768x527.jpg 768w, https:\/\/www.ecuadoraldia.com.ec\/wp-content\/uploads\/2017\/12\/consejera-nuvia-1024x703.jpg 1024w, https:\/\/www.ecuadoraldia.com.ec\/wp-content\/uploads\/2017\/12\/consejera-nuvia-130x90.jpg 130w, https:\/\/www.ecuadoraldia.com.ec\/wp-content\/uploads\/2017\/12\/consejera-nuvia.jpg 1600w\" sizes=\"(max-width: 300px) 100vw, 300px\" \/><\/a><\/p>\n<p>Quito &#8211; Su tr\u00e1nsito por el periodismo y en la vida p\u00fablica se inici\u00f3 \u2018tras c\u00e1maras\u2019. Del trabajo de producci\u00f3n que hac\u00eda en la cadena Gamavisi\u00f3n por los a\u00f1os 90, Nubia Villac\u00eds pas\u00f3 a ser reportera de pantalla de Teleamazonas. Y desde el 2011, en el Consejo Nacional Electoral (CNE) pas\u00f3 de ser una vocal, a ser la primera mujer y montuvia presidenta del organismo que desarrollar\u00e1 la consulta popular, que marcar\u00e1 la l\u00ednea de gobierno de Len\u00edn Moreno, en estos cuatro a\u00f1os.<\/p>\n<p>Nacida en Chone (Manab\u00ed), sus padres la inscribieron como Nubia Magdala Mar\u00eda Villac\u00eds Carre\u00f1o. Desde el 2010, sus amigos confirmaron ante un notario que en la cotidianidad la llaman Nubia Villac\u00eds.<\/p>\n<p><a href=\"http:\/\/www.ecuadoraldia.com.ec\/wp-content\/uploads\/2017\/12\/Nubia-Villac\u00eds-Manab\u00ed.jpg\"><img loading=\"lazy\" decoding=\"async\" class=\"alignleft size-medium wp-image-16054\" src=\"http:\/\/www.ecuadoraldia.com.ec\/wp-content\/uploads\/2017\/12\/Nubia-Villac\u00eds-Manab\u00ed-300x200.jpg\" alt=\"\" width=\"300\" height=\"200\" srcset=\"https:\/\/www.ecuadoraldia.com.ec\/wp-content\/uploads\/2017\/12\/Nubia-Villac\u00eds-Manab\u00ed-300x200.jpg 300w, https:\/\/www.ecuadoraldia.com.ec\/wp-content\/uploads\/2017\/12\/Nubia-Villac\u00eds-Manab\u00ed-768x512.jpg 768w, https:\/\/www.ecuadoraldia.com.ec\/wp-content\/uploads\/2017\/12\/Nubia-Villac\u00eds-Manab\u00ed.jpg 960w\" sizes=\"(max-width: 300px) 100vw, 300px\" \/><\/a>En 1992 fue profesora de una escuela primaria y en 1998 obtuvo su t\u00edtulo de licenciada en Comunicaci\u00f3n Social y un masterado en Comunicaci\u00f3n por la Universidad de Guayaquil. Estudi\u00f3 un diplomado en Periodismo Judicial en la Universidad Cat\u00f3lica del Ecuador, otro m\u00e1s en Asistencia Electoral en la Universidad de Valencia.<\/p>\n<p>Su carrera en la prensa privada hab\u00eda arrancado en 1994 como reportera del segmento C\u00f3digo Rojo de Gamavisi\u00f3n, donde investigaba denuncias de casos de corrupci\u00f3n. Pas\u00f3 por Ecuavisa en producci\u00f3n, hasta que en Teleamazonas, de la mano de Carlos Casta\u00f1eda, su rostro figur\u00f3 en las pantallas con el periodismo de denuncia. Continu\u00f3 en S\u00edTV, radio Tropicana, Teleradio y canal UNO.<\/p>\n<p>Ha sido jefa de relaciones p\u00fablicas en el Liceo Naval y una entidad crediticia. Y en lo pol\u00edtico, colabor\u00f3 en el 2006 en la campa\u00f1a electoral a la presidencia de la Rep\u00fablica de Cynthia Viteri, por el PSC.<\/p>\n<p>Alyson Luna form\u00f3 parte de ese equipo y la recuerda como \u201cuna mujer de car\u00e1cter, como toda chonera. Firme en sus decisiones. Excelente persona\u201d.<\/p>\n<p>En 2008 ingres\u00f3 a la funci\u00f3n p\u00fablica como gerente de Becas en el Instituto Ecuatoriano de Cr\u00e9dito Educativo (IECE).<\/p>\n<p>Decidi\u00f3 postular al concurso para el primer CNE que realiz\u00f3 el Consejo de Participaci\u00f3n Ciudadana. Y fue la segunda mejor puntuada y se posesion\u00f3 el 29 de noviembre de 2011 como vocal electoral junto a Pa\u00fal Salazar, Roxana Silva, Domingo Paredes y Juan Pablo Pozo.<\/p>\n<p>En ese periodo, en mayo del 2014, se enfrent\u00f3 a Paredes para que \u201crespete la ley\u201d, en elegir a dos delegados de la instituci\u00f3n para que act\u00faen en la Comisi\u00f3n Ciudadana que se encarg\u00f3 de la primera renovaci\u00f3n parcial que lo reemplaz\u00f3 a \u00e9l y Silva. Paredes la rega\u00f1\u00f3 dici\u00e9ndole que el pleno no era una \u201ccocina\u201d. Ahora, Paredes cree que ella es \u201cvaliente\u201d y que ese incidente fue una \u201creacci\u00f3n il\u00f3gica\u201d.<\/p>\n<p>En enero del 2015 asumi\u00f3 la vicepresidencia, en medio de conflictos internos que hicieron que Salazar dejara la presidencia que tuvo por ocho d\u00edas. El 30 de noviembre de 2017, tras la renuncia de Pozo, fue elegida presidenta.<\/p>\n<p>Quienes la conocen refieren que manten\u00eda una amistad con Ricardo Pati\u00f1o. Tambi\u00e9n hab\u00eda tenido diferencias internas con el expresidente Rafael Correa, porque defend\u00eda sus ideas.<\/p>\n<p>Una \u00faltima defensa, que s\u00ed fue p\u00fablica, fue el 23 de febrero de 2017, cuando reclam\u00f3 a Pozo por cometer un \u201cterrible malentendido\u201d al haber anunciado que habr\u00eda segunda vuelta electoral, sin que hubiera resultados oficiales de la primera vuelta.<\/p>\n<p>Esta periodista de 45 a\u00f1os de edad, que lleva nueve d\u00edas de presidenta, organizar\u00e1 los comicios por la consulta y refer\u00e9ndum del 4 de febrero de 2018. Tambi\u00e9n tiene, seg\u00fan el C\u00f3digo de la Democracia, el poder de actuar en contra de quienes intervengan en el proceso.<\/p>\n<p>Efectos de la consulta<br \/>\nLas pol\u00edticas que quiere adoptar el presidente Len\u00edn Moreno mediante la consulta popular tendr\u00edan un efecto en los cinco vocales del Consejo Nacional Electoral (CNE): Nubia Villac\u00eds, Ana Marcela Paredes, Pa\u00fal Salazar, Mauricio Tayupanta y Luz Haro. La pregunta tres del refer\u00e9ndum que instala un Consejo de Participaci\u00f3n Ciudadana y Control Social (CPC) de Transici\u00f3n se\u00f1ala en sus anexos que \u201cquedar\u00e1n sin efecto los concursos p\u00fablicos de oposici\u00f3n y m\u00e9ritos que est\u00e9 llevando a cabo\u201d el actual Consejo.<\/p>\n<p>Concurso en marcha<br \/>\nEl Consejo de Participaci\u00f3n Ciudadana en la actualidad integra una Comisi\u00f3n Ciudadana que debe renovar a tres vocales.<\/p>\n<p>Contra el tiempo<br \/>\nSi hasta el 14 de febrero de 2018 que el CNE publicar\u00e1 los resultados del plebiscito no se eligen sus reemplazos, el concurso quedar\u00e1 \u201csin efecto\u201d. Y seg\u00fan el Decreto Ejecutivo 190 se quedar\u00e1n en el cargo hasta elegir a sus reemplazos. (I) Texto El Universo<\/p>\n<p>&nbsp;<\/p>\n<p>&nbsp;<\/p>\n<p>&nbsp;<\/p>\n","protected":false},"excerpt":{"rendered":"<p>Quito &#8211; Su tr\u00e1nsito por el periodismo y en la vida p\u00fablica se inici\u00f3 \u2018tras c\u00e1maras\u2019. Del trabajo de producci\u00f3n<\/p>\n","protected":false},"author":1,"featured_media":16053,"comment_status":"closed","ping_status":"closed","sticky":false,"template":"","format":"standard","meta":{"footnotes":""},"categories":[3],"tags":[],"_links":{"self":[{"href":"https:\/\/www.ecuadoraldia.com.ec\/index.php?rest_route=\/wp\/v2\/posts\/16052"}],"collection":[{"href":"https:\/\/www.ecuadoraldia.com.ec\/index.php?rest_route=\/wp\/v2\/posts"}],"about":[{"href":"https:\/\/www.ecuadoraldia.com.ec\/index.php?rest_route=\/wp\/v2\/types\/post"}],"author":[{"embeddable":true,"href":"https:\/\/www.ecuadoraldia.com.ec\/index.php?rest_route=\/wp\/v2\/users\/1"}],"replies":[{"embeddable":true,"href":"https:\/\/www.ecuadoraldia.com.ec\/index.php?rest_route=%2Fwp%2Fv2%2Fcomments&post=16052"}],"version-history":[{"count":1,"href":"https:\/\/www.ecuadoraldia.com.ec\/index.php?rest_route=\/wp\/v2\/posts\/16052\/revisions"}],"predecessor-version":[{"id":16055,"href":"https:\/\/www.ecuadoraldia.com.ec\/index.php?rest_route=\/wp\/v2\/posts\/16052\/revisions\/16055"}],"wp:featuredmedia":[{"embeddable":true,"href":"https:\/\/www.ecuadoraldia.com.ec\/index.php?rest_route=\/wp\/v2\/media\/16053"}],"wp:attachment":[{"href":"https:\/\/www.ecuadoraldia.com.ec\/index.php?rest_route=%2Fwp%2Fv2%2Fmedia&parent=16052"}],"wp:term":[{"taxonomy":"category","embeddable":true,"href":"https:\/\/www.ecuadoraldia.com.ec\/index.php?rest_route=%2Fwp%2Fv2%2Fcategories&post=16052"},{"taxonomy":"post_tag","embeddable":true,"href":"https:\/\/www.ecuadoraldia.com.ec\/index.php?rest_route=%2Fwp%2Fv2%2Ftags&post=16052"}],"curies":[{"name":"wp","href":"https:\/\/api.w.org\/{rel}","templated":true}]}}