{"id":16056,"date":"2017-12-10T09:19:03","date_gmt":"2017-12-10T14:19:03","guid":{"rendered":"http:\/\/www.ecuadoraldia.com.ec\/?p=16056"},"modified":"2017-12-10T09:19:03","modified_gmt":"2017-12-10T14:19:03","slug":"mameri-yo-autorice-los-pagos-de-conceicao-santos-en-ecuador","status":"publish","type":"post","link":"https:\/\/www.ecuadoraldia.com.ec\/?p=16056","title":{"rendered":"Mameri: Yo autoric\u00e9 los pagos de  Concei\u00e7\u00e3o Santos en Ecuador"},"content":{"rendered":"<p><a href=\"http:\/\/www.ecuadoraldia.com.ec\/wp-content\/uploads\/2017\/12\/jefe-santos.jpg\"><img loading=\"lazy\" decoding=\"async\" class=\"alignleft size-medium wp-image-16057\" src=\"http:\/\/www.ecuadoraldia.com.ec\/wp-content\/uploads\/2017\/12\/jefe-santos-300x198.jpg\" alt=\"\" width=\"300\" height=\"198\" srcset=\"https:\/\/www.ecuadoraldia.com.ec\/wp-content\/uploads\/2017\/12\/jefe-santos-300x198.jpg 300w, https:\/\/www.ecuadoraldia.com.ec\/wp-content\/uploads\/2017\/12\/jefe-santos.jpg 681w\" sizes=\"(max-width: 300px) 100vw, 300px\" \/><\/a><\/p>\n<p>En diciembre de 2016, el exejecutivo de Odebrecht, Luiz Antonio Mameri, dio m\u00e1s de veinte testimonios como parte de su acuerdo de \u201cdelaci\u00f3n premiada\u201d ante los fiscales en Sao Paulo, ciudad donde est\u00e1 radicado. Su declaraci\u00f3n n\u00famero 20, del 13 de diciembre, se refiere a: \u201cEcuador, Autorizaci\u00f3n de Pago Indebido al Secretario Jur\u00eddico de la Presidencia Alexis Mera\u201d.<\/p>\n<p>Durante 16 minutos, Mameri, que vest\u00eda terno oscuro y camisa blanca sin corbata, relat\u00f3 c\u00f3mo siendo vicepresidente para Am\u00e9rica Latina y Angola de Odebrecht, era quien autorizaba el pago sistem\u00e1tico de coimas a trav\u00e9s del sistema encriptado MyWebDay, y que los dep\u00f3sitos eran realizados por el Departamento de Operaciones Estructuradas, a cargo de Hilberto Silva.<\/p>\n<p>Mameri se\u00f1al\u00f3 que design\u00f3 a Jos\u00e9 Concei\u00e7\u00e3o Santos, como director de Ecuador, en el a\u00f1o 2010 con la misi\u00f3n de resolver la controversia con el gobierno sobre la hidroel\u00e9ctrica San Francisco y lograr el retorno de Odebrecht a Ecuador.<\/p>\n<p>Vea tambi\u00e9n: Jos\u00e9 Concei\u00e7\u00e3o Santos califica a excontralor Carlos P\u00f3lit de \u00abcuarto Poder\u00bb en Ecuador<\/p>\n<p>\u201cEra necesario un acuerdo y contar un apoyo del secretario jur\u00eddico de la Presidencia. No s\u00e9 precisar cu\u00e1l ser\u00eda este apoyo\u201d, dijo Mameri al admitir que orden\u00f3 el pago del primer acuerdo por $ 1,3 millones para el retorno. En 2012 se dio una nueva negociaci\u00f3n para pagos de coimas, esta vez por $ 3,5 millones. \u201cJos\u00e9 Concei\u00e7\u00e3o me inform\u00f3 que era necesario mantener una buena relaci\u00f3n con el se\u00f1or Alexis Mera, evitando con eso, como ocurri\u00f3 con la controversia por la Central Hidroel\u00e9ctrica San Francisco, nuevas represalias del Gobierno ecuatoriano\u201d.<\/p>\n<p>El fiscal brasile\u00f1o insiste pregunt\u00e1ndole que si ya ten\u00edan un acuerdo de sobornos negociado con el contralor Carlos P\u00f3lit, era verdaderamente imprescindible la negociaci\u00f3n con Alexis Mera. A lo que Mameri responde que \u201cS\u00ed\u201d.<\/p>\n<p>\u201cMi participaci\u00f3n en estos hechos se restringi\u00f3 a autorizar los pagos\u201d, asegur\u00f3 al reconocer que nunca negoci\u00f3 directamente, pues esa era tarea de Concei\u00e7\u00e3o Santos.<\/p>\n<p>Dos d\u00edas despu\u00e9s de esta declaraci\u00f3n de Mameri, Jos\u00e9 Concei\u00e7\u00e3o Santos, exdirector superintendente para Ecuador entre 2010 y 2013, dio su testimonio sobre los sobornos pagados a Pareja Cordero, pero desde Brasilia, donde reside.<\/p>\n<p>Su declaraci\u00f3n dura casi once minutos y corresponde a su testimonio n\u00famero 8.<\/p>\n<p>De acuerdo con su relato, Pareja ten\u00eda una relaci\u00f3n con Odebrecht desde 1977. El abogado lo busc\u00f3 en el 2010 porque dijo tener una relaci\u00f3n con el entonces secretario jur\u00eddico de la Presidencia, Alexis Mera, quien, seg\u00fan Santos, era el responsable de la emisi\u00f3n del decreto que firm\u00f3 el presidente Rafael Correa para expulsar a Odebrecht del Ecuador en septiembre de 2008.<\/p>\n<p>Pareja le habr\u00eda dicho que Mera podr\u00eda ayudar para el retorno de Odebrecht al pa\u00eds porque ten\u00eda una relaci\u00f3n cercana con Correa.<\/p>\n<p>\u201cConsider\u00e9 hacer ese acuerdo porque Alexis Mera era una persona relevante, y era conocida por ser una persona bastante vengativa y bastante agresiva en las decisiones dentro de Ecuador, era el brazo derecho del Presidente en lo relacionado con temas jur\u00eddicos y legales\u201d, se justific\u00f3 Santos ante los fiscales.<\/p>\n<p>Pareja tambi\u00e9n le mencion\u00f3 que ten\u00eda \u201cuna influencia muy grande\u201d en la Procuradur\u00eda General del Estado. El pedido inicial fue de $ 1,5 millones, pero quedaron en $ 1,35 millones, depositados en una cuenta de Dramiston Limited entre agosto de 2010 y noviembre de 2011.<\/p>\n<p>Posteriormente, asever\u00f3 Santos, Pareja Cordero lo volvi\u00f3 a contactar para indicarle que debido a que Odebrecht hab\u00eda ganado algunos contratos (la central hidroel\u00e9ctrica Manduriacu y el movimiento de tierras de la Refiner\u00eda del Pac\u00edfico), ser\u00eda necesario pagarle una comisi\u00f3n a Mera por esos logros. El pedido fue de $ 5 millones, pero se acord\u00f3 el monto de $ 3,5 millones.<\/p>\n<p>Santos reconoci\u00f3 que nunca se reuni\u00f3 con Mera Giler ni tampoco tiene una grabaci\u00f3n de sus encuentros con Pareja Cordero.<\/p>\n<p>Ante la insistencia del fiscal sobre el tema, el exejecutivo respondi\u00f3: \u201cRealmente esas cosas acontecieron. Hubo una promesa que fue cumplida\u201d.<\/p>\n<p>Reconoci\u00f3, asimismo, que nunca estuvo en una reuni\u00f3n privada con el presidente Rafael Correa, solo en inauguraciones de obras. La \u00fanica referencia que ten\u00eda era que Alexis Mera era cercano a Correa, les dijo a los fiscales.<\/p>\n<p>* Esta es una investigaci\u00f3n conjunta de EL UNIVERSO y la Red de Investigaciones Period\u00edsticas Estructuradas liderada por IDL-Reporteros e integrada por periodistas de O Globo de Brasil, La Naci\u00f3n de Argentina, La Prensa de Panam\u00e1, Armando.Info de Venezuela, Sudestada de Uruguay y Quinto Elemento de M\u00e9xico. (I)<\/p>\n","protected":false},"excerpt":{"rendered":"<p>En diciembre de 2016, el exejecutivo de Odebrecht, Luiz Antonio Mameri, dio m\u00e1s de veinte testimonios como parte de su<\/p>\n","protected":false},"author":1,"featured_media":16057,"comment_status":"closed","ping_status":"closed","sticky":false,"template":"","format":"standard","meta":{"footnotes":""},"categories":[7],"tags":[],"_links":{"self":[{"href":"https:\/\/www.ecuadoraldia.com.ec\/index.php?rest_route=\/wp\/v2\/posts\/16056"}],"collection":[{"href":"https:\/\/www.ecuadoraldia.com.ec\/index.php?rest_route=\/wp\/v2\/posts"}],"about":[{"href":"https:\/\/www.ecuadoraldia.com.ec\/index.php?rest_route=\/wp\/v2\/types\/post"}],"author":[{"embeddable":true,"href":"https:\/\/www.ecuadoraldia.com.ec\/index.php?rest_route=\/wp\/v2\/users\/1"}],"replies":[{"embeddable":true,"href":"https:\/\/www.ecuadoraldia.com.ec\/index.php?rest_route=%2Fwp%2Fv2%2Fcomments&post=16056"}],"version-history":[{"count":1,"href":"https:\/\/www.ecuadoraldia.com.ec\/index.php?rest_route=\/wp\/v2\/posts\/16056\/revisions"}],"predecessor-version":[{"id":16058,"href":"https:\/\/www.ecuadoraldia.com.ec\/index.php?rest_route=\/wp\/v2\/posts\/16056\/revisions\/16058"}],"wp:featuredmedia":[{"embeddable":true,"href":"https:\/\/www.ecuadoraldia.com.ec\/index.php?rest_route=\/wp\/v2\/media\/16057"}],"wp:attachment":[{"href":"https:\/\/www.ecuadoraldia.com.ec\/index.php?rest_route=%2Fwp%2Fv2%2Fmedia&parent=16056"}],"wp:term":[{"taxonomy":"category","embeddable":true,"href":"https:\/\/www.ecuadoraldia.com.ec\/index.php?rest_route=%2Fwp%2Fv2%2Fcategories&post=16056"},{"taxonomy":"post_tag","embeddable":true,"href":"https:\/\/www.ecuadoraldia.com.ec\/index.php?rest_route=%2Fwp%2Fv2%2Ftags&post=16056"}],"curies":[{"name":"wp","href":"https:\/\/api.w.org\/{rel}","templated":true}]}}