{"id":16059,"date":"2017-12-10T09:21:16","date_gmt":"2017-12-10T14:21:16","guid":{"rendered":"http:\/\/www.ecuadoraldia.com.ec\/?p=16059"},"modified":"2017-12-10T09:21:16","modified_gmt":"2017-12-10T14:21:16","slug":"ecuador-logra-dos-medallas-en-sudamericano-de-ajedrez","status":"publish","type":"post","link":"https:\/\/www.ecuadoraldia.com.ec\/?p=16059","title":{"rendered":"Ecuador logra dos medallas en Sudamericano de ajedrez"},"content":{"rendered":"<p><a href=\"http:\/\/www.ecuadoraldia.com.ec\/wp-content\/uploads\/2017\/12\/ajedrecista.jpg\"><img loading=\"lazy\" decoding=\"async\" class=\"alignleft size-medium wp-image-16060\" src=\"http:\/\/www.ecuadoraldia.com.ec\/wp-content\/uploads\/2017\/12\/ajedrecista-300x198.jpg\" alt=\"\" width=\"300\" height=\"198\" srcset=\"https:\/\/www.ecuadoraldia.com.ec\/wp-content\/uploads\/2017\/12\/ajedrecista-300x198.jpg 300w, https:\/\/www.ecuadoraldia.com.ec\/wp-content\/uploads\/2017\/12\/ajedrecista.jpg 681w\" sizes=\"(max-width: 300px) 100vw, 300px\" \/><\/a><\/p>\n<p>PORTOVIEJO. La ajedrecista Fanny N\u00fa\u00f1ez viajar\u00e1 a San Salvador para participar en el Panamericano Escolar.<br \/>\nEcuador obtuvo dos preseas de plata y una de bronce durante su participaci\u00f3n en el Campeonato Sudamericano de Ajedrez que se realiz\u00f3 en Paraguay.<\/p>\n<p>As\u00ed, en la categor\u00eda sub-18 abierta, el tricolor Kevin Noboa finaliz\u00f3 en el tercer casillero, con 6,5 puntos; abajo del argentino Santiago Zapata, que fue segundo; y de Brian Escalante, que culmin\u00f3 primero.<\/p>\n<p>Anah\u00ed Ortiz, con 6,5 unidades, fue segunda en la sub-18 damas, superada solo por Antonella Romero, de Per\u00fa, con 7,5.<\/p>\n<p>Por su parte, Jos\u00e9 Aguirre culmin\u00f3 en el puesto 18 en la competencia de la sub-14 absoluto; mientras que en damas, la triunfadora fue Anapaola Borda, de Argentina; y por Ecuador, Nicole Cata, fue segunda.<\/p>\n<p>En la sub-10 absoluto, el t\u00edtulo fue para Henrique Salvadego, de Brasil, con 8 puntos; mientras Ecuador, con Cristopher Garz\u00f3n, finaliz\u00f3 en el d\u00e9cimo casillero, con 5,5 puntos.<\/p>\n<p>La serie sub-12 damas, dej\u00f3 a la ecuatoriana Karina Mart\u00ednez se instale en el sexto casillero con 5,5 unidades.<\/p>\n<p>En la sub-12 absoluto, el ecuatoriano V\u00edctor Vargas, con 5 puntos, fue decimos\u00e9ptimo.<\/p>\n<p>La serie sub-16 dej\u00f3 al ecuatoriano Marlon Aspiazu, en el cuarto lugar con 6 puntos.<\/p>\n<p>En la delegaci\u00f3n de Ecuador, Andrea Paredes finaliz\u00f3 en el casillero con 5,5 puntos.<\/p>\n<p>Seg\u00fan refiri\u00f3 Nivaldo Molina, responsable de prensa de la Fedemanab\u00ed, la ajedrecista Cristina Cede\u00f1o particip\u00f3 en los Juegos Sudamericanos Escolares y pr\u00f3ximamente viajar\u00e1 Fanny N\u00fa\u00f1ez a San Salvador para intervenir en el Panamericano Escolar.<\/p>\n<p>M\u00e1s peque\u00f1os<br \/>\nEn la competencia de la categor\u00eda 8 a\u00f1os absoluto, el ecuatoriano Mat\u00edas Monta\u00f1o finaliz\u00f3 en el puesto 18 con 5 puntos en 9 rondas.<\/p>\n<p>Sub-8, damas<br \/>\nLa ecuatoriana Amelia Romero finaliz\u00f3 octava en la categor\u00eda sub-8, damas. (D)<\/p>\n","protected":false},"excerpt":{"rendered":"<p>PORTOVIEJO. La ajedrecista Fanny N\u00fa\u00f1ez viajar\u00e1 a San Salvador para participar en el Panamericano Escolar. Ecuador obtuvo dos preseas de<\/p>\n","protected":false},"author":1,"featured_media":16060,"comment_status":"closed","ping_status":"closed","sticky":false,"template":"","format":"standard","meta":{"footnotes":""},"categories":[10],"tags":[],"_links":{"self":[{"href":"https:\/\/www.ecuadoraldia.com.ec\/index.php?rest_route=\/wp\/v2\/posts\/16059"}],"collection":[{"href":"https:\/\/www.ecuadoraldia.com.ec\/index.php?rest_route=\/wp\/v2\/posts"}],"about":[{"href":"https:\/\/www.ecuadoraldia.com.ec\/index.php?rest_route=\/wp\/v2\/types\/post"}],"author":[{"embeddable":true,"href":"https:\/\/www.ecuadoraldia.com.ec\/index.php?rest_route=\/wp\/v2\/users\/1"}],"replies":[{"embeddable":true,"href":"https:\/\/www.ecuadoraldia.com.ec\/index.php?rest_route=%2Fwp%2Fv2%2Fcomments&post=16059"}],"version-history":[{"count":1,"href":"https:\/\/www.ecuadoraldia.com.ec\/index.php?rest_route=\/wp\/v2\/posts\/16059\/revisions"}],"predecessor-version":[{"id":16061,"href":"https:\/\/www.ecuadoraldia.com.ec\/index.php?rest_route=\/wp\/v2\/posts\/16059\/revisions\/16061"}],"wp:featuredmedia":[{"embeddable":true,"href":"https:\/\/www.ecuadoraldia.com.ec\/index.php?rest_route=\/wp\/v2\/media\/16060"}],"wp:attachment":[{"href":"https:\/\/www.ecuadoraldia.com.ec\/index.php?rest_route=%2Fwp%2Fv2%2Fmedia&parent=16059"}],"wp:term":[{"taxonomy":"category","embeddable":true,"href":"https:\/\/www.ecuadoraldia.com.ec\/index.php?rest_route=%2Fwp%2Fv2%2Fcategories&post=16059"},{"taxonomy":"post_tag","embeddable":true,"href":"https:\/\/www.ecuadoraldia.com.ec\/index.php?rest_route=%2Fwp%2Fv2%2Ftags&post=16059"}],"curies":[{"name":"wp","href":"https:\/\/api.w.org\/{rel}","templated":true}]}}