{"id":16062,"date":"2017-12-11T15:09:27","date_gmt":"2017-12-11T20:09:27","guid":{"rendered":"http:\/\/www.ecuadoraldia.com.ec\/?p=16062"},"modified":"2017-12-13T18:40:06","modified_gmt":"2017-12-13T23:40:06","slug":"mangas-renuncio-a-la-secretaria-de-la-presidencia","status":"publish","type":"post","link":"https:\/\/www.ecuadoraldia.com.ec\/?p=16062","title":{"rendered":"Mangas renunci\u00f3 a la Secretar\u00eda de la Presidencia"},"content":{"rendered":"<p><a href=\"http:\/\/www.ecuadoraldia.com.ec\/wp-content\/uploads\/2017\/12\/eduardo-mangas-.jpg\"><img loading=\"lazy\" decoding=\"async\" class=\"alignleft size-medium wp-image-16063\" src=\"http:\/\/www.ecuadoraldia.com.ec\/wp-content\/uploads\/2017\/12\/eduardo-mangas--300x298.jpg\" alt=\"\" width=\"300\" height=\"298\" srcset=\"https:\/\/www.ecuadoraldia.com.ec\/wp-content\/uploads\/2017\/12\/eduardo-mangas--300x298.jpg 300w, https:\/\/www.ecuadoraldia.com.ec\/wp-content\/uploads\/2017\/12\/eduardo-mangas--150x150.jpg 150w, https:\/\/www.ecuadoraldia.com.ec\/wp-content\/uploads\/2017\/12\/eduardo-mangas-.jpg 516w\" sizes=\"(max-width: 300px) 100vw, 300px\" \/><\/a><\/p>\n<p>Quito, lunes 11 de diciembre de 2017. Eduardo Mangas de origen nicaraguense, quien era requerido por la Asamblea Nacional del Ecuador, para que responda por la filtraci\u00f3n de una grabaci\u00f3n que circula en redes sociales y en la que se habla de supuesto fraude electoral en la \u00faltima campa\u00f1a Presidencial abandono el cargo.<\/p>\n<p>A trav\u00e9s de un comunicado, la Secretar\u00eda nacional de Comunicaci\u00f3n Secom anunci\u00f3 que Eduardo Mangas renunci\u00f3 a la Secretar\u00eda General de la Presidencia de la Rep\u00fablica.<\/p>\n<p>De igual manera informan que Andr\u00e9s Mideros, Secretario Nacional de Planificaci\u00f3n y Desarrollo, SENPLADES fue encargado del puesto mientras se designa al nuevo titular de esta cartera de Estado.<\/p>\n<p>Mientras tanto la ma\u00f1ana de hoy el director de CREO, C\u00e9sar Monge, acompa\u00f1ado de otros dirigentes del partido present\u00f3 una denuncia en la Fiscal\u00eda General en contra de Mangas, por el audio que la semana anterior circul\u00f3 en la internet y en el que se habla de que ALIANZA PAIS habr\u00eda perdido las elecciones.<\/p>\n<p>Reemplazo<\/p>\n<p>En una de sus primeras declaraciones Mideros aprovech\u00f3 para informar que ha solicitado al primer mandatario que mantenga el estilo y los programas del gobierno \u201cprincipalmente en territorio\u201d.<\/p>\n<p>Por su parte Miguel Carvajal, secretario de Gesti\u00f3n de la Pol\u00edtica, asegur\u00f3 que la renuncia de Mangas es un acto de sensibilidad por el audio difundido la semana pasada cuyo contenido, dijo, \u201cfue sacado de contexto\u201d.<\/p>\n<p>Andr\u00e9s P\u00e1ez, candidato a la vice presidencia en binomio con Guillermo Lasso, pidi\u00f3 ante los medios de comunicaci\u00f3n prisi\u00f3n para el ex presidente del CNE juan Pablo Pozo y para todos los vocales del organismo electoral.<\/p>\n<p>En la asamblea nacional la semana pasada el legislador de CREO Homero Casta\u00f1er, pidi\u00f3 cambiar el orden del d\u00eda para aprobar una resoluci\u00f3n en la que se pide al legislativo, se convoque a Mangas, para que explique en el pleno el contenido de esa grabaci\u00f3n. Es un tema pendiente dijo. Sin embargo Eduardo Mangas ya no est\u00e1 en el cargo.<\/p>\n<p><iframe loading=\"lazy\" width=\"800\" height=\"600\" src=\"https:\/\/www.youtube.com\/embed\/qM0nfXWJs4Y?feature=oembed\" frameborder=\"0\" gesture=\"media\" allow=\"encrypted-media\" allowfullscreen><\/iframe><\/p>\n","protected":false},"excerpt":{"rendered":"<p>Quito, lunes 11 de diciembre de 2017. Eduardo Mangas de origen nicaraguense, quien era requerido por la Asamblea Nacional del<\/p>\n","protected":false},"author":1,"featured_media":16063,"comment_status":"closed","ping_status":"closed","sticky":false,"template":"","format":"standard","meta":{"footnotes":""},"categories":[1],"tags":[],"_links":{"self":[{"href":"https:\/\/www.ecuadoraldia.com.ec\/index.php?rest_route=\/wp\/v2\/posts\/16062"}],"collection":[{"href":"https:\/\/www.ecuadoraldia.com.ec\/index.php?rest_route=\/wp\/v2\/posts"}],"about":[{"href":"https:\/\/www.ecuadoraldia.com.ec\/index.php?rest_route=\/wp\/v2\/types\/post"}],"author":[{"embeddable":true,"href":"https:\/\/www.ecuadoraldia.com.ec\/index.php?rest_route=\/wp\/v2\/users\/1"}],"replies":[{"embeddable":true,"href":"https:\/\/www.ecuadoraldia.com.ec\/index.php?rest_route=%2Fwp%2Fv2%2Fcomments&post=16062"}],"version-history":[{"count":4,"href":"https:\/\/www.ecuadoraldia.com.ec\/index.php?rest_route=\/wp\/v2\/posts\/16062\/revisions"}],"predecessor-version":[{"id":16085,"href":"https:\/\/www.ecuadoraldia.com.ec\/index.php?rest_route=\/wp\/v2\/posts\/16062\/revisions\/16085"}],"wp:featuredmedia":[{"embeddable":true,"href":"https:\/\/www.ecuadoraldia.com.ec\/index.php?rest_route=\/wp\/v2\/media\/16063"}],"wp:attachment":[{"href":"https:\/\/www.ecuadoraldia.com.ec\/index.php?rest_route=%2Fwp%2Fv2%2Fmedia&parent=16062"}],"wp:term":[{"taxonomy":"category","embeddable":true,"href":"https:\/\/www.ecuadoraldia.com.ec\/index.php?rest_route=%2Fwp%2Fv2%2Fcategories&post=16062"},{"taxonomy":"post_tag","embeddable":true,"href":"https:\/\/www.ecuadoraldia.com.ec\/index.php?rest_route=%2Fwp%2Fv2%2Ftags&post=16062"}],"curies":[{"name":"wp","href":"https:\/\/api.w.org\/{rel}","templated":true}]}}