{"id":16067,"date":"2017-12-11T18:05:55","date_gmt":"2017-12-11T23:05:55","guid":{"rendered":"http:\/\/www.ecuadoraldia.com.ec\/?p=16067"},"modified":"2017-12-11T18:05:55","modified_gmt":"2017-12-11T23:05:55","slug":"la-contraloria-destituye-a-ochoa-de-la-supercom","status":"publish","type":"post","link":"https:\/\/www.ecuadoraldia.com.ec\/?p=16067","title":{"rendered":"La Contralor\u00eda destituye a Ochoa de la Supercom"},"content":{"rendered":"<p><a href=\"http:\/\/www.ecuadoraldia.com.ec\/wp-content\/uploads\/2017\/12\/carlosochoaquito.jpg\"><img loading=\"lazy\" decoding=\"async\" class=\"alignleft size-medium wp-image-16068\" src=\"http:\/\/www.ecuadoraldia.com.ec\/wp-content\/uploads\/2017\/12\/carlosochoaquito-300x150.jpg\" alt=\"\" width=\"300\" height=\"150\" srcset=\"https:\/\/www.ecuadoraldia.com.ec\/wp-content\/uploads\/2017\/12\/carlosochoaquito-300x150.jpg 300w, https:\/\/www.ecuadoraldia.com.ec\/wp-content\/uploads\/2017\/12\/carlosochoaquito.jpg 600w\" sizes=\"(max-width: 300px) 100vw, 300px\" \/><\/a><\/p>\n<p>Un informe del organismo de control responsabiliza al actual superintendente de Comunicaci\u00f3n e Informaci\u00f3n, Carlos Ochoa, de dos glosas por $ 115.811 y una sanci\u00f3n administrativa de destituci\u00f3n y multa por $ 7.320.<\/p>\n<p>El informe parte de una auditor\u00eda a la administraci\u00f3n de GamaTV, del cual Ochoa fue parte, y a los contratos de los derechos de transmisi\u00f3n del campeonato nacional de f\u00fatbol.<\/p>\n<p>Seg\u00fan el examen, el Superintendente de Comunicaci\u00f3n us\u00f3 fondos de GamaTV, en el 2008, para adquirir un veh\u00edculo para uso personal.<\/p>\n<p>Comentario de Ochoa<\/p>\n<p>Mediante un comunicado de la Supercom publicado en Twitter, Ochoa inform\u00f3 que responder\u00e1 con documentaci\u00f3n los requerimientos en los plazos determinados.<\/p>\n<p>Adem\u00e1s, dijo que \u00abllama la atenci\u00f3n que se plantee mi destituci\u00f3n como Director Nacional de Noticias de Gamavisi\u00f3n, cargo para el que nunca existi\u00f3 nombramiento como funcionario p\u00fablico y al que renunci\u00e9 hace ya m\u00e1s de cuatro a\u00f1os\u00bb. (I)<\/p>\n","protected":false},"excerpt":{"rendered":"<p>Un informe del organismo de control responsabiliza al actual superintendente de Comunicaci\u00f3n e Informaci\u00f3n, Carlos Ochoa, de dos glosas por<\/p>\n","protected":false},"author":1,"featured_media":16068,"comment_status":"closed","ping_status":"closed","sticky":false,"template":"","format":"standard","meta":{"footnotes":""},"categories":[1],"tags":[],"_links":{"self":[{"href":"https:\/\/www.ecuadoraldia.com.ec\/index.php?rest_route=\/wp\/v2\/posts\/16067"}],"collection":[{"href":"https:\/\/www.ecuadoraldia.com.ec\/index.php?rest_route=\/wp\/v2\/posts"}],"about":[{"href":"https:\/\/www.ecuadoraldia.com.ec\/index.php?rest_route=\/wp\/v2\/types\/post"}],"author":[{"embeddable":true,"href":"https:\/\/www.ecuadoraldia.com.ec\/index.php?rest_route=\/wp\/v2\/users\/1"}],"replies":[{"embeddable":true,"href":"https:\/\/www.ecuadoraldia.com.ec\/index.php?rest_route=%2Fwp%2Fv2%2Fcomments&post=16067"}],"version-history":[{"count":1,"href":"https:\/\/www.ecuadoraldia.com.ec\/index.php?rest_route=\/wp\/v2\/posts\/16067\/revisions"}],"predecessor-version":[{"id":16069,"href":"https:\/\/www.ecuadoraldia.com.ec\/index.php?rest_route=\/wp\/v2\/posts\/16067\/revisions\/16069"}],"wp:featuredmedia":[{"embeddable":true,"href":"https:\/\/www.ecuadoraldia.com.ec\/index.php?rest_route=\/wp\/v2\/media\/16068"}],"wp:attachment":[{"href":"https:\/\/www.ecuadoraldia.com.ec\/index.php?rest_route=%2Fwp%2Fv2%2Fmedia&parent=16067"}],"wp:term":[{"taxonomy":"category","embeddable":true,"href":"https:\/\/www.ecuadoraldia.com.ec\/index.php?rest_route=%2Fwp%2Fv2%2Fcategories&post=16067"},{"taxonomy":"post_tag","embeddable":true,"href":"https:\/\/www.ecuadoraldia.com.ec\/index.php?rest_route=%2Fwp%2Fv2%2Ftags&post=16067"}],"curies":[{"name":"wp","href":"https:\/\/api.w.org\/{rel}","templated":true}]}}