{"id":16070,"date":"2017-12-12T14:51:46","date_gmt":"2017-12-12T19:51:46","guid":{"rendered":"http:\/\/www.ecuadoraldia.com.ec\/?p=16070"},"modified":"2017-12-12T14:51:46","modified_gmt":"2017-12-12T19:51:46","slug":"ochoa-justifica-pagos-extras-en-gamatv","status":"publish","type":"post","link":"https:\/\/www.ecuadoraldia.com.ec\/?p=16070","title":{"rendered":"Ochoa justifica pagos extras en Gamatv"},"content":{"rendered":"<p><a href=\"http:\/\/www.ecuadoraldia.com.ec\/wp-content\/uploads\/2017\/12\/ochoa-gamatav.jpeg\"><img loading=\"lazy\" decoding=\"async\" class=\"alignleft size-medium wp-image-16071\" src=\"http:\/\/www.ecuadoraldia.com.ec\/wp-content\/uploads\/2017\/12\/ochoa-gamatav-300x167.jpeg\" alt=\"\" width=\"300\" height=\"167\" srcset=\"https:\/\/www.ecuadoraldia.com.ec\/wp-content\/uploads\/2017\/12\/ochoa-gamatav-300x167.jpeg 300w, https:\/\/www.ecuadoraldia.com.ec\/wp-content\/uploads\/2017\/12\/ochoa-gamatav.jpeg 612w\" sizes=\"(max-width: 300px) 100vw, 300px\" \/><\/a><\/p>\n<p>El Superintendente de Informaci\u00f3n y Comunicaci\u00f3n (Supercom), Carlos Ochoa se pronunci\u00f3 este martes sobre la auditor\u00eda de la Contralor\u00eda General del Estado. El funcionario dijo que cuando se desempe\u00f1aba como director nacional de Noticias de Gamatv (ahora Gamavisi\u00f3n) recibi\u00f3 como parte de pago un veh\u00edculo y otros veneficios.<br \/>\nComo es de conocimiento p\u00fablico, el ente de control notific\u00f3 el lunes a Ochoa con la predeterminaci\u00f3n de glosas por $ 115.811, una multa por $ 7. 320 y la sanci\u00f3n administrativa de destituci\u00f3n de su ejercicio laboral en dicha estaci\u00f3n televisiva.<\/p>\n<p>Ochoa cuestion\u00f3 estas predeterminaciones y que se plantee su destituci\u00f3n como director nacional de Noticias de Gamatv, puesto que para este cargo -seg\u00fan explic\u00f3- nunca existi\u00f3 nombramiento como funcionario p\u00fablico. \u00abNuestro punto de vista legal es que mi contrataci\u00f3n como director nacional de Noticias se efectu\u00f3 como una empresa privada, tengo el contrato correspondiente registrado en el Ministerio de Trabajo, al igual que mi renuncia, lo que ratifica que Gamatv funcionaba como una empresa privada\u00bb, apunt\u00f3.<br \/>\n\u00abEl propio presidente de la Rep\u00fablica, Len\u00edn Moreno, en el decreto 227, al traspasar los paquetes accionarios de los canales incautados al nuevo organismo que hoy los administra, reconoce el car\u00e1cter privado\u00bb del canal, a\u00f1adi\u00f3.<br \/>\nSobre los pagos extras (entre 2010 y 2013) de los que habla el informe de Contralor\u00eda, dijo que corresponden a su labor como presentador y entrevistador del noticiero de la ma\u00f1ana, as\u00ed como al programa semanal \u00abContrapunto\u00bb, que se difund\u00eda los domingos, es decir \u00abactividades totalmente diferentes a mi labor como director del noticiero\u00bb. Tambi\u00e9n se refiri\u00f3 al veh\u00edculo para cuya compra, seg\u00fan la entidad de control, habr\u00eda empleado fondos del canal incautado.<br \/>\nEl funcionario dijo que este \u00abcorresponde a parte de mis beneficios laborales acordados con la empresa privada Gamatv y que se da en todos los canales y todas las empresas\u00bb.<\/p>\n<p>A\u00f1adi\u00f3 que har\u00e1 llegar una copia del compromiso de entrega debidamente firmado a la Contralor\u00eda. \u00abDurante mi periodo (como director nacional de Noticias), del Presupuesto General del Estado no se invirti\u00f3 ni un solo centavo de Gamatv, mal se puede hablar de alg\u00fan tipo de malversaci\u00f3n\u00bb, recalc\u00f3 .<br \/>\nFinalmente, reiter\u00f3 su respeto a la ley y dijo confiar en que una vez presentadas las pruebas de descargo correspondientes, \u00abestas predeterminaciones ser\u00e1n desvirtuadas por la Contralor\u00eda\u00bb. (I)<\/p>\n","protected":false},"excerpt":{"rendered":"<p>El Superintendente de Informaci\u00f3n y Comunicaci\u00f3n (Supercom), Carlos Ochoa se pronunci\u00f3 este martes sobre la auditor\u00eda de la Contralor\u00eda General<\/p>\n","protected":false},"author":1,"featured_media":16071,"comment_status":"closed","ping_status":"closed","sticky":false,"template":"","format":"standard","meta":{"footnotes":""},"categories":[1],"tags":[],"_links":{"self":[{"href":"https:\/\/www.ecuadoraldia.com.ec\/index.php?rest_route=\/wp\/v2\/posts\/16070"}],"collection":[{"href":"https:\/\/www.ecuadoraldia.com.ec\/index.php?rest_route=\/wp\/v2\/posts"}],"about":[{"href":"https:\/\/www.ecuadoraldia.com.ec\/index.php?rest_route=\/wp\/v2\/types\/post"}],"author":[{"embeddable":true,"href":"https:\/\/www.ecuadoraldia.com.ec\/index.php?rest_route=\/wp\/v2\/users\/1"}],"replies":[{"embeddable":true,"href":"https:\/\/www.ecuadoraldia.com.ec\/index.php?rest_route=%2Fwp%2Fv2%2Fcomments&post=16070"}],"version-history":[{"count":1,"href":"https:\/\/www.ecuadoraldia.com.ec\/index.php?rest_route=\/wp\/v2\/posts\/16070\/revisions"}],"predecessor-version":[{"id":16072,"href":"https:\/\/www.ecuadoraldia.com.ec\/index.php?rest_route=\/wp\/v2\/posts\/16070\/revisions\/16072"}],"wp:featuredmedia":[{"embeddable":true,"href":"https:\/\/www.ecuadoraldia.com.ec\/index.php?rest_route=\/wp\/v2\/media\/16071"}],"wp:attachment":[{"href":"https:\/\/www.ecuadoraldia.com.ec\/index.php?rest_route=%2Fwp%2Fv2%2Fmedia&parent=16070"}],"wp:term":[{"taxonomy":"category","embeddable":true,"href":"https:\/\/www.ecuadoraldia.com.ec\/index.php?rest_route=%2Fwp%2Fv2%2Fcategories&post=16070"},{"taxonomy":"post_tag","embeddable":true,"href":"https:\/\/www.ecuadoraldia.com.ec\/index.php?rest_route=%2Fwp%2Fv2%2Ftags&post=16070"}],"curies":[{"name":"wp","href":"https:\/\/api.w.org\/{rel}","templated":true}]}}