{"id":16073,"date":"2017-12-12T15:05:53","date_gmt":"2017-12-12T20:05:53","guid":{"rendered":"http:\/\/www.ecuadoraldia.com.ec\/?p=16073"},"modified":"2017-12-12T15:05:53","modified_gmt":"2017-12-12T20:05:53","slug":"ministerio-de-educacion-entrega-nuevas-denuncias-sobre-violencia-sexual","status":"publish","type":"post","link":"https:\/\/www.ecuadoraldia.com.ec\/?p=16073","title":{"rendered":"Ministerio de Educaci\u00f3n entrega nuevas denuncias sobre violencia sexual"},"content":{"rendered":"<p><a href=\"http:\/\/www.ecuadoraldia.com.ec\/wp-content\/uploads\/2017\/12\/fiscalia-y-educacion.jpg\"><img loading=\"lazy\" decoding=\"async\" class=\"alignleft size-medium wp-image-16074\" src=\"http:\/\/www.ecuadoraldia.com.ec\/wp-content\/uploads\/2017\/12\/fiscalia-y-educacion-300x142.jpg\" alt=\"\" width=\"300\" height=\"142\" srcset=\"https:\/\/www.ecuadoraldia.com.ec\/wp-content\/uploads\/2017\/12\/fiscalia-y-educacion-300x142.jpg 300w, https:\/\/www.ecuadoraldia.com.ec\/wp-content\/uploads\/2017\/12\/fiscalia-y-educacion-768x362.jpg 768w, https:\/\/www.ecuadoraldia.com.ec\/wp-content\/uploads\/2017\/12\/fiscalia-y-educacion-1024x483.jpg 1024w, https:\/\/www.ecuadoraldia.com.ec\/wp-content\/uploads\/2017\/12\/fiscalia-y-educacion.jpg 1200w\" sizes=\"(max-width: 300px) 100vw, 300px\" \/><\/a><\/p>\n<p>El ministro de Educaci\u00f3n, Fander Falcon\u00ed, entreg\u00f3 este martes al fiscal general, Carlos Baca Mancheno, 74 sumarios administrativos sobre abuso sexual a menores de edad que fueron archivados o no procesados adecuadamente en el sistema educativo entre 2014-2017.<\/p>\n<p>Esto se suma a la entrega por parte de dicha cartera de Estado de 107 sumarios administrativos que no hab\u00edan sido procesados en el sistema educativo ecuatoriano. La idea del Ministerio de Educaci\u00f3n es que la Fiscal\u00eda investigue para castigar a los infractores y responsables, y si es necesario a los encubridores.<\/p>\n<p>Baca Mancheno indic\u00f3 que hace unas semanas ya se entreg\u00f3 un grupo de resoluciones que hab\u00edan sido, en la instancia administrativa, archivados o desestimados. Dijo que la mayor\u00eda de este grupo de 107 sumarios fueron procesados y est\u00e1n en distintas etapas procesales. Adem\u00e1s, inform\u00f3 que la Fiscal\u00eda suscribi\u00f3 un convenio con el Ministerio de Educaci\u00f3n, Ministerio de Justicia y Consejo de la Judicatura, para acoger y proteger a los ni\u00f1os, ni\u00f1as y adolescentes que han sido v\u00edctimas de violencia sexual. Agreg\u00f3 que estos temas estar\u00e1n a cargo de la directora de Pol\u00edtica Criminal de la Fiscal\u00eda.<\/p>\n<p>\u00abDe los 107 ya tenemos un primer informe, muchos de estos casos ya fueron judicializados, que est\u00e1n en distintas etapas procesales y en este segundo grupo, los tendremos en los siguientes d\u00edas\u00bb, dijo el fiscal. Sobre la posibilidad de una vinculaci\u00f3n del exministro de Educaci\u00f3n y actual asamble\u00edsta, Augusto Espinosa, Baca indic\u00f3 que hay categor\u00edas jur\u00eddicas que se deben respetar en cuanto a participaci\u00f3n y responsabilidad. \u00abNuestra primera responsabilidad legal es el tema de la protecci\u00f3n a la v\u00edctima. De las investigaciones estableceremos si existen otras responsabilidades\u00bb.<br \/>\nEn cambio, Falcon\u00ed record\u00f3 que entre el a\u00f1o 2014 y 2017 hubo dos ministros de Educaci\u00f3n, uno de ellos Augusto Espinosa. \u00abUna vez que se hagan las indagaciones respectivas mirar\u00e1 el grado o no de responsabilidad y eso le compete a la Fiscal\u00eda hacer la investigaci\u00f3n y luego el \u00f3rgano jurisdiccional, la respectiva sanci\u00f3n\u00bb.<\/p>\n<p>La Fiscal\u00eda inform\u00f3 tambi\u00e9n que no existe la posibilidad de que estos casos puedan prescribir, ya que la prescripci\u00f3n de los delitos sexuales en el Ecuador est\u00e1n entre los 22 y 26 a\u00f1os. Adem\u00e1s, inform\u00f3 que entre el 2015 y 2017 existen 27.600 denuncias por casos de delitos de naturaleza sexual. De ellas, en el radio de ni\u00f1os, ni\u00f1as y adolescentes son aproximadamente 4.800 denuncias, es decir entre 1.600 y 1.700 denuncias por a\u00f1o. Respecto a agresiones o delitos de naturaleza sexual que tengan que ver con el entorno educativo, hay aproximadamente 714 denuncias, incluidas las 107 que present\u00f3 la cartera de Educaci\u00f3n. (I)<\/p>\n","protected":false},"excerpt":{"rendered":"<p>El ministro de Educaci\u00f3n, Fander Falcon\u00ed, entreg\u00f3 este martes al fiscal general, Carlos Baca Mancheno, 74 sumarios administrativos sobre abuso<\/p>\n","protected":false},"author":1,"featured_media":16074,"comment_status":"closed","ping_status":"closed","sticky":false,"template":"","format":"standard","meta":{"footnotes":""},"categories":[1],"tags":[],"_links":{"self":[{"href":"https:\/\/www.ecuadoraldia.com.ec\/index.php?rest_route=\/wp\/v2\/posts\/16073"}],"collection":[{"href":"https:\/\/www.ecuadoraldia.com.ec\/index.php?rest_route=\/wp\/v2\/posts"}],"about":[{"href":"https:\/\/www.ecuadoraldia.com.ec\/index.php?rest_route=\/wp\/v2\/types\/post"}],"author":[{"embeddable":true,"href":"https:\/\/www.ecuadoraldia.com.ec\/index.php?rest_route=\/wp\/v2\/users\/1"}],"replies":[{"embeddable":true,"href":"https:\/\/www.ecuadoraldia.com.ec\/index.php?rest_route=%2Fwp%2Fv2%2Fcomments&post=16073"}],"version-history":[{"count":1,"href":"https:\/\/www.ecuadoraldia.com.ec\/index.php?rest_route=\/wp\/v2\/posts\/16073\/revisions"}],"predecessor-version":[{"id":16075,"href":"https:\/\/www.ecuadoraldia.com.ec\/index.php?rest_route=\/wp\/v2\/posts\/16073\/revisions\/16075"}],"wp:featuredmedia":[{"embeddable":true,"href":"https:\/\/www.ecuadoraldia.com.ec\/index.php?rest_route=\/wp\/v2\/media\/16074"}],"wp:attachment":[{"href":"https:\/\/www.ecuadoraldia.com.ec\/index.php?rest_route=%2Fwp%2Fv2%2Fmedia&parent=16073"}],"wp:term":[{"taxonomy":"category","embeddable":true,"href":"https:\/\/www.ecuadoraldia.com.ec\/index.php?rest_route=%2Fwp%2Fv2%2Fcategories&post=16073"},{"taxonomy":"post_tag","embeddable":true,"href":"https:\/\/www.ecuadoraldia.com.ec\/index.php?rest_route=%2Fwp%2Fv2%2Ftags&post=16073"}],"curies":[{"name":"wp","href":"https:\/\/api.w.org\/{rel}","templated":true}]}}