{"id":16148,"date":"2018-01-11T13:58:53","date_gmt":"2018-01-11T18:58:53","guid":{"rendered":"http:\/\/www.ecuadoraldia.com.ec\/?p=16148"},"modified":"2018-01-11T13:58:53","modified_gmt":"2018-01-11T18:58:53","slug":"el-foro-economico-espera-que-se-honre-la-deuda-publica","status":"publish","type":"post","link":"https:\/\/www.ecuadoraldia.com.ec\/?p=16148","title":{"rendered":"El foro econ\u00f3mico espera que se \u2018honre la deuda p\u00fablica\u2019"},"content":{"rendered":"<p><a href=\"http:\/\/www.ecuadoraldia.com.ec\/wp-content\/uploads\/2018\/01\/foroeconomico.jpg\"><img loading=\"lazy\" decoding=\"async\" class=\"alignleft size-medium wp-image-16150\" src=\"http:\/\/www.ecuadoraldia.com.ec\/wp-content\/uploads\/2018\/01\/foroeconomico-300x169.jpg\" alt=\"\" width=\"300\" height=\"169\" srcset=\"https:\/\/www.ecuadoraldia.com.ec\/wp-content\/uploads\/2018\/01\/foroeconomico-300x169.jpg 300w, https:\/\/www.ecuadoraldia.com.ec\/wp-content\/uploads\/2018\/01\/foroeconomico.jpg 762w\" sizes=\"(max-width: 300px) 100vw, 300px\" \/><\/a><\/p>\n<p>Puede ser irregular, pero debe cumplirse. Ese es el criterio de los integrantes del nuevo Foro de Econom\u00eda y Finanzas P\u00fablicas sobre la deuda contra\u00edda durante el Gobierno del expresidente Rafael Correa. Los expertos, entre los que se cuentan exministros y acad\u00e9micos, creen que ser\u00eda perjudicial pensar en otra alternativa.<\/p>\n<p>Ser\u00eda un error, por ejemplo, seguir el camino que aplic\u00f3 Correa entre 2008 y 2009. \u00c9l form\u00f3 una comisi\u00f3n que declar\u00f3 ileg\u00edtima a la deuda.<\/p>\n<p>Entre los efectos de la cuestionada decisi\u00f3n se cuentan el cierre de mercados, la desconfianza de los acreedores y la mala imagen internacional. Eso prepar\u00f3 el escenario para que Ecuador incremente los pr\u00e9stamos, con condiciones negativas, desde China.<\/p>\n<p>Mauricio Pozo, exministro de Econom\u00eda e integrante del Foro, cree que declarar ilegal la deuda p\u00fablica, como hizo la autodenominada revoluci\u00f3n ciudadana, liquidar\u00eda las intenciones de mejorar la econom\u00eda nacional. No habr\u00eda prestamistas interesados en poner sus recursos en el pa\u00eds.<\/p>\n<p>&nbsp;<\/p>\n<p>El otro eje de an\u00e1lisis, dijo Pozo, es el t\u00e9cnico. Los contratos fueron firmados y el pa\u00eds est\u00e1 en la obligaci\u00f3n de pagar.<\/p>\n<p>El analista y exasamble\u00edsta constituyente, Pablo Lucio Paredes, est\u00e1 de acuerdo. \u00c9l cree que las conclusiones de la Contralor\u00eda servir\u00e1n, desde el plano t\u00e9cnico, para categorizar la deuda. Es decir, definir el orden y prioridad de pago. Es urgente, explic\u00f3, pagar las cuentas que generan m\u00e1s inter\u00e9s y dejar para despu\u00e9s -sin caer en el descuido- las facturas menos perjudiciales.<\/p>\n<p>Otro punto a favor del examen, seg\u00fan la presidenta de la consultora Finanzas y Cooperativas, Rosa Matilde Guerrero. Ella cree que el examen anunciado por Contralor\u00eda ser\u00e1 positivo para la imagen del pa\u00eds si compromete acciones del Gobierno central para garantizar transparencia y una pol\u00edtica p\u00fablica que asegure el pago. El inconveniente es que, a la fecha, los 20 integrantes del foro no encuentran dicha pol\u00edtica econ\u00f3mica en la administraci\u00f3n de Len\u00edn Moreno.<\/p>\n<p>Bernardo Acosta, exvicepresidente de la C\u00e1mara de Industrias y Productividad, considera que el primer paso, luego de los resultados que arroje el examen de Contralor\u00eda, es renegociar la deuda cara. Para eso, sugiere, se debe establecer un acercamiento formal con organismos multilaterales que ofrezcan pr\u00e9stamos en mejores condiciones. Recomprar la deuda es una alternativa viable, a su criterio.<\/p>\n<p>El siguiente paso, coincide con sus colegas de la iniciativa ciudadana, es implementar un plan que evite que el endeudamiento estatal crezca cada a\u00f1o, como sucede hasta ahora. El foro se reunir\u00e1, la pr\u00f3xima semana, con el presidente Moreno para sugerir estrategias para alcanzar dicho plan.<\/p>\n<p>&nbsp;<\/p>\n<p>Para el foro, la salida que tom\u00f3 el anterior Gobierno no fue la adecuada. Las reformas tributarias para incrementar impuestos indirectos perjudicaron a los ecuatorianos. La idea, dicen, no es recurrir a impuestos y deuda p\u00fablica.<\/p>\n<p>Banca P\u00fablica<\/p>\n<p>El Banco Central y el resto de entidades financieras p\u00fablicas deben, a criterio de los expertos, mantener su autonom\u00eda para no comprometer sus finanzas e incluso la dolarizaci\u00f3n. El manejo independiente es una salida urgente.<\/p>\n<p>Competitividad<\/p>\n<p>La clave del desarrollo est\u00e1 en el impulso al sector productivo privado. Rosa Matilde Guerrero sugiere que se potencialice a la econom\u00eda popular y solidaria que solo tuvo protagonismo en el discurso del Gobierno anterior.<\/p>\n","protected":false},"excerpt":{"rendered":"<p>Puede ser irregular, pero debe cumplirse. Ese es el criterio de los integrantes del nuevo Foro de Econom\u00eda y Finanzas<\/p>\n","protected":false},"author":1,"featured_media":16150,"comment_status":"closed","ping_status":"closed","sticky":false,"template":"","format":"standard","meta":{"footnotes":""},"categories":[9],"tags":[],"_links":{"self":[{"href":"https:\/\/www.ecuadoraldia.com.ec\/index.php?rest_route=\/wp\/v2\/posts\/16148"}],"collection":[{"href":"https:\/\/www.ecuadoraldia.com.ec\/index.php?rest_route=\/wp\/v2\/posts"}],"about":[{"href":"https:\/\/www.ecuadoraldia.com.ec\/index.php?rest_route=\/wp\/v2\/types\/post"}],"author":[{"embeddable":true,"href":"https:\/\/www.ecuadoraldia.com.ec\/index.php?rest_route=\/wp\/v2\/users\/1"}],"replies":[{"embeddable":true,"href":"https:\/\/www.ecuadoraldia.com.ec\/index.php?rest_route=%2Fwp%2Fv2%2Fcomments&post=16148"}],"version-history":[{"count":1,"href":"https:\/\/www.ecuadoraldia.com.ec\/index.php?rest_route=\/wp\/v2\/posts\/16148\/revisions"}],"predecessor-version":[{"id":16151,"href":"https:\/\/www.ecuadoraldia.com.ec\/index.php?rest_route=\/wp\/v2\/posts\/16148\/revisions\/16151"}],"wp:featuredmedia":[{"embeddable":true,"href":"https:\/\/www.ecuadoraldia.com.ec\/index.php?rest_route=\/wp\/v2\/media\/16150"}],"wp:attachment":[{"href":"https:\/\/www.ecuadoraldia.com.ec\/index.php?rest_route=%2Fwp%2Fv2%2Fmedia&parent=16148"}],"wp:term":[{"taxonomy":"category","embeddable":true,"href":"https:\/\/www.ecuadoraldia.com.ec\/index.php?rest_route=%2Fwp%2Fv2%2Fcategories&post=16148"},{"taxonomy":"post_tag","embeddable":true,"href":"https:\/\/www.ecuadoraldia.com.ec\/index.php?rest_route=%2Fwp%2Fv2%2Ftags&post=16148"}],"curies":[{"name":"wp","href":"https:\/\/api.w.org\/{rel}","templated":true}]}}