{"id":16177,"date":"2018-01-17T14:10:23","date_gmt":"2018-01-17T19:10:23","guid":{"rendered":"http:\/\/www.ecuadoraldia.com.ec\/?p=16177"},"modified":"2018-01-17T14:10:23","modified_gmt":"2018-01-17T19:10:23","slug":"comparecencias-en-investigacion-contra-baca-previstas-para-el-19-de-febrero","status":"publish","type":"post","link":"https:\/\/www.ecuadoraldia.com.ec\/?p=16177","title":{"rendered":"Comparecencias en investigaci\u00f3n contra Baca, previstas para el 19 de febrero"},"content":{"rendered":"<p><a href=\"http:\/\/www.ecuadoraldia.com.ec\/wp-content\/uploads\/2018\/01\/fiscal.jpg\"><img loading=\"lazy\" decoding=\"async\" class=\"alignleft size-medium wp-image-16178\" src=\"http:\/\/www.ecuadoraldia.com.ec\/wp-content\/uploads\/2018\/01\/fiscal-300x142.jpg\" alt=\"\" width=\"300\" height=\"142\" srcset=\"https:\/\/www.ecuadoraldia.com.ec\/wp-content\/uploads\/2018\/01\/fiscal-300x142.jpg 300w, https:\/\/www.ecuadoraldia.com.ec\/wp-content\/uploads\/2018\/01\/fiscal-768x362.jpg 768w, https:\/\/www.ecuadoraldia.com.ec\/wp-content\/uploads\/2018\/01\/fiscal-1024x483.jpg 1024w, https:\/\/www.ecuadoraldia.com.ec\/wp-content\/uploads\/2018\/01\/fiscal.jpg 1200w\" sizes=\"(max-width: 300px) 100vw, 300px\" \/><\/a><\/p>\n<p>Ayer se conoci\u00f3 del inicio de la investigaci\u00f3n previa por el presunto delito de peculado en contra del fiscal general. La fiscal subrogante, Thania Moreno, notific\u00f3 el inicio de la investigaci\u00f3n previa por el presunto delito de peculado en contra del fiscal general del Estado, Carlos Baca Mancheno, mientras presidi\u00f3 la Comisi\u00f3n 30S, la cual fue conformada por el expresidente Rafael Correa, luego de los hechos del 30 de septiembre de 2010.<\/p>\n<p>El documento firmado por Thania Moreno hace referencia a los hechos denunciados por Fernando Villavicencio y Andr\u00e9s P\u00e1ez, en los cuales estuvo supuestamente vinculado Baca. Seg\u00fan el texto, se da paso a la investigaci\u00f3n y posterior presentaci\u00f3n de un informe inicial en un plazo m\u00e1ximo de 20 d\u00edas. Asimismo, indica la notificaci\u00f3n al fiscal general y cita a los denunciantes a comparecer ante la Fiscal\u00eda de la provincia de Pichincha, el venidero 19 de febrero.<\/p>\n<p>El 30 de septiembre de 2010 hubo una revuelta policial que las autoridades de entonces, lideradas por Rafael Correa, definieron como un intento de golpe de Estado. Villavicencio, uno de los denunciantes, afirm\u00f3 que Baca ped\u00eda recursos a la Secretar\u00eda de Inteligencia (fondos reservados o gastos especiales) para la Comisi\u00f3n 30S, aunque -seg\u00fan el Decreto 22- el trabajo ser\u00eda gratuito.<\/p>\n<p>El lunes pasado, el fiscal Baca habl\u00f3 sobre el supuesto examen de Contralor\u00eda con indicios de responsabilidad penal en su contra cuando fue parte de la comisi\u00f3n que investig\u00f3 el intento de golpe de Estado del 30S. En ese presunto informe se dec\u00eda que Baca cobr\u00f3 un salario de la Secretar\u00eda de Inteligencia, cuando las normas de dicha comisi\u00f3n se\u00f1alaban que no se recibir\u00eda ning\u00fan pago.<\/p>\n<p>En rueda de prensa, Baca recalc\u00f3 que en 2017 la Contralor\u00eda emiti\u00f3 un certificado en que dec\u00eda que no hab\u00eda ninguna sanci\u00f3n administrativa, civil o penal en su contra. Dijo que es sospechoso que esos reportes se difundan a poco de la audiencia contra Carlos P\u00f3lit y atribuy\u00f3 la difusi\u00f3n de ese supuesto informe a los \u00aboperadores\u00bb del excontralor. El fiscal general ha estado al frente de casos como el de corrupci\u00f3n de la empresa brasile\u00f1a Odebrecht, en el cual fue condenado a seis a\u00f1os de c\u00e1rcel al exvicepresidente de la Rep\u00fablica Jorge Glas y otros exfuncionarios p\u00fablicos. (I) TEL\u00c9GRAFO<\/p>\n<p>&nbsp;<\/p>\n","protected":false},"excerpt":{"rendered":"<p>Ayer se conoci\u00f3 del inicio de la investigaci\u00f3n previa por el presunto delito de peculado en contra del fiscal general.<\/p>\n","protected":false},"author":1,"featured_media":16178,"comment_status":"closed","ping_status":"closed","sticky":false,"template":"","format":"standard","meta":{"footnotes":""},"categories":[1],"tags":[],"_links":{"self":[{"href":"https:\/\/www.ecuadoraldia.com.ec\/index.php?rest_route=\/wp\/v2\/posts\/16177"}],"collection":[{"href":"https:\/\/www.ecuadoraldia.com.ec\/index.php?rest_route=\/wp\/v2\/posts"}],"about":[{"href":"https:\/\/www.ecuadoraldia.com.ec\/index.php?rest_route=\/wp\/v2\/types\/post"}],"author":[{"embeddable":true,"href":"https:\/\/www.ecuadoraldia.com.ec\/index.php?rest_route=\/wp\/v2\/users\/1"}],"replies":[{"embeddable":true,"href":"https:\/\/www.ecuadoraldia.com.ec\/index.php?rest_route=%2Fwp%2Fv2%2Fcomments&post=16177"}],"version-history":[{"count":1,"href":"https:\/\/www.ecuadoraldia.com.ec\/index.php?rest_route=\/wp\/v2\/posts\/16177\/revisions"}],"predecessor-version":[{"id":16179,"href":"https:\/\/www.ecuadoraldia.com.ec\/index.php?rest_route=\/wp\/v2\/posts\/16177\/revisions\/16179"}],"wp:featuredmedia":[{"embeddable":true,"href":"https:\/\/www.ecuadoraldia.com.ec\/index.php?rest_route=\/wp\/v2\/media\/16178"}],"wp:attachment":[{"href":"https:\/\/www.ecuadoraldia.com.ec\/index.php?rest_route=%2Fwp%2Fv2%2Fmedia&parent=16177"}],"wp:term":[{"taxonomy":"category","embeddable":true,"href":"https:\/\/www.ecuadoraldia.com.ec\/index.php?rest_route=%2Fwp%2Fv2%2Fcategories&post=16177"},{"taxonomy":"post_tag","embeddable":true,"href":"https:\/\/www.ecuadoraldia.com.ec\/index.php?rest_route=%2Fwp%2Fv2%2Ftags&post=16177"}],"curies":[{"name":"wp","href":"https:\/\/api.w.org\/{rel}","templated":true}]}}