{"id":16203,"date":"2018-01-28T14:48:47","date_gmt":"2018-01-28T19:48:47","guid":{"rendered":"http:\/\/www.ecuadoraldia.com.ec\/?p=16203"},"modified":"2018-01-28T15:01:35","modified_gmt":"2018-01-28T20:01:35","slug":"atentado-al-estilo-narco-en-esmeraldas","status":"publish","type":"post","link":"https:\/\/www.ecuadoraldia.com.ec\/?p=16203","title":{"rendered":"Atentado al estilo \u00abNarco\u00bb en Esmeraldas."},"content":{"rendered":"<p><a href=\"http:\/\/www.ecuadoraldia.com.ec\/wp-content\/uploads\/2018\/01\/atentado.jpg\"><img loading=\"lazy\" decoding=\"async\" class=\"alignleft size-medium wp-image-16204\" src=\"http:\/\/www.ecuadoraldia.com.ec\/wp-content\/uploads\/2018\/01\/atentado-300x200.jpg\" alt=\"\" width=\"300\" height=\"200\" srcset=\"https:\/\/www.ecuadoraldia.com.ec\/wp-content\/uploads\/2018\/01\/atentado-300x200.jpg 300w, https:\/\/www.ecuadoraldia.com.ec\/wp-content\/uploads\/2018\/01\/atentado.jpg 675w\" sizes=\"(max-width: 300px) 100vw, 300px\" \/><\/a><\/p>\n<p>San Lorenzo (Esmeraldas), el primer atentado en el pa\u00eds y similar a los registrados por d\u00e9cadas en Colombia y en M\u00e9xico, puso el s\u00e1bado 27 de enro del 2018 en relieve la alta convulsi\u00f3n en esta zona fronteriza del pa\u00eds. All\u00ed hace tres semanas comenz\u00f3 un reforzamiento militar ante el alto riesgo de un aumento de la violencia por las acciones de seguridad de las fuerzas militares y policiales colombianas contra el narcotr\u00e1fico, la delincuencia criminal organizada y la disidencia de la guerrilla que podr\u00eda empujarla hacia el territorio ecuatoriano.<\/p>\n<p>El estallido del artefacto explosivo, registrado a las 01:30 de l s\u00e1bado, destruy\u00f3 el 95 por ciento de la infraestructura del comando policial y afect\u00f3 a unas 63 viviendas, de las cuales 38 han sido evacuadas. Tambi\u00e9n dej\u00f3 28 heridos leves, entre ellos los cuatro polic\u00edas que estaban de guardia en el edificio y que sufrieron cortes en diversas partes del cuerpo por las esquirlas de vidrio de los ventanales, de los que no qued\u00f3 nada.<\/p>\n<p>Tras el ataque se declar\u00f3 el estado de excepci\u00f3n en los cantones San Lorenzo y Eloy Alfaro y se dispuso un nuevo e inmediato reforzamiento militar y policial en toda la provincia de Esmeraldas, que es una zona caliente por la confluencia de varios actores criminales como delincuentes comunes, bandas criminales y traficantes de drogas, precursores qu\u00edmicos, armas y municiones.<\/p>\n<p>\u201cLa situaci\u00f3n es complicada\u201d, dijo ayer Darwin Jarr\u00edn, comandante de Operaciones Navales y jefe del Comando Operacional Mar\u00edtimo, quien precis\u00f3 que la Armada est\u00e1 trabajando con todo el contingente posible, en una provincia considerada estrat\u00e9gica por los narcotraficantes por la cercan\u00eda con Colombia y la salida al mar.<\/p>\n<p>El ministro del Interior, C\u00e9sar Navas, descart\u00f3 que el ataque a la unidad policial fuese un acto terrorista de grupos subversivos y el presidente Len\u00edn Moreno precis\u00f3 que el atentado est\u00e1 ligado a bandas de narcotraficantes que han sido golpeadas por las fuerzas de seguridad del Estado. No obstante, dijo, que \u201cestos actos no detendr\u00e1n ni debilitar\u00e1n los esfuerzos por tener un pa\u00eds m\u00e1s seguro\u201d.<\/p>\n<p>&nbsp;<\/p>\n<p>Un contingente de militares del Batall\u00f3n de Infanter\u00eda de Esmeraldas brinda, desde la madrugada, seguridad en la zona, mientras que otros grupos fueron destinados a patrullajes y control de otros sectores del cant\u00f3n.<\/p>\n<p>La Fiscal\u00eda, por su parte, inici\u00f3 inmediatamente las investigaciones sobre el hecho de que los explosivos estaban en un veh\u00edculo que fue abandonado en el parqueadero ubicado en la parte posterior del edificio. Otros cinco automotores parqueados en la misma zona tambi\u00e9n fueron destruidos.<\/p>\n<p>Seg\u00fan el coronel William Mart\u00ednez, jefe de la unidad policial destruida, fueron las inspecciones del equipo de criminal\u00edstica las que determinaron que el ataque fue con un coche bomba.<\/p>\n<p>El radio de afectaci\u00f3n de la onda expansiva fue de 50 metros a la redonda, por lo que tambi\u00e9n hubo da\u00f1os graves a las viviendas de la poblaci\u00f3n civil que tuvo que ser evacuada y que recibe atenci\u00f3n por parte de los ministerios de Salud, Inclusi\u00f3n Social, Riesgos y Vivienda, cuyos representantes llegaron ayer a la zona para brindarles atenci\u00f3n.<\/p>\n<p>Los vecinos contaron que al principio pensaron que hab\u00eda ocurrido un terremoto, como el registrado el 16 de abril, porque la explosi\u00f3n destruy\u00f3 techos y las ventanas de al menos 63 casas. Personal de los ministerios har\u00e1 inspecciones para establecer si hay m\u00e1s da\u00f1os materiales.<\/p>\n<p>La polic\u00eda encontr\u00f3 los primeros indicios que le hacen sospechar que el atentado contra el comando policial de San Lorenzo fue cometido por una organizaci\u00f3n delictiva vinculada al narcotr\u00e1fico. Y sobre esa base, arranc\u00f3 la investigaci\u00f3n de la Fiscal\u00eda General del Estado que durar\u00e1 sesenta d\u00edas.<\/p>\n<p>Un contingente de agentes del GIR, GOE, GEMA y de la Polic\u00eda Judicial de otras provincias arribaron a San Lorenzo para reforzar la seguridad en ese cant\u00f3n. (Tomado de Expreso.ec).<\/p>\n<p>&nbsp;<\/p>\n","protected":false},"excerpt":{"rendered":"<p>San Lorenzo (Esmeraldas), el primer atentado en el pa\u00eds y similar a los registrados por d\u00e9cadas en Colombia y en<\/p>\n","protected":false},"author":1,"featured_media":16204,"comment_status":"closed","ping_status":"closed","sticky":false,"template":"","format":"standard","meta":{"footnotes":""},"categories":[1],"tags":[41],"_links":{"self":[{"href":"https:\/\/www.ecuadoraldia.com.ec\/index.php?rest_route=\/wp\/v2\/posts\/16203"}],"collection":[{"href":"https:\/\/www.ecuadoraldia.com.ec\/index.php?rest_route=\/wp\/v2\/posts"}],"about":[{"href":"https:\/\/www.ecuadoraldia.com.ec\/index.php?rest_route=\/wp\/v2\/types\/post"}],"author":[{"embeddable":true,"href":"https:\/\/www.ecuadoraldia.com.ec\/index.php?rest_route=\/wp\/v2\/users\/1"}],"replies":[{"embeddable":true,"href":"https:\/\/www.ecuadoraldia.com.ec\/index.php?rest_route=%2Fwp%2Fv2%2Fcomments&post=16203"}],"version-history":[{"count":1,"href":"https:\/\/www.ecuadoraldia.com.ec\/index.php?rest_route=\/wp\/v2\/posts\/16203\/revisions"}],"predecessor-version":[{"id":16205,"href":"https:\/\/www.ecuadoraldia.com.ec\/index.php?rest_route=\/wp\/v2\/posts\/16203\/revisions\/16205"}],"wp:featuredmedia":[{"embeddable":true,"href":"https:\/\/www.ecuadoraldia.com.ec\/index.php?rest_route=\/wp\/v2\/media\/16204"}],"wp:attachment":[{"href":"https:\/\/www.ecuadoraldia.com.ec\/index.php?rest_route=%2Fwp%2Fv2%2Fmedia&parent=16203"}],"wp:term":[{"taxonomy":"category","embeddable":true,"href":"https:\/\/www.ecuadoraldia.com.ec\/index.php?rest_route=%2Fwp%2Fv2%2Fcategories&post=16203"},{"taxonomy":"post_tag","embeddable":true,"href":"https:\/\/www.ecuadoraldia.com.ec\/index.php?rest_route=%2Fwp%2Fv2%2Ftags&post=16203"}],"curies":[{"name":"wp","href":"https:\/\/api.w.org\/{rel}","templated":true}]}}