{"id":16216,"date":"2018-02-02T11:27:51","date_gmt":"2018-02-02T16:27:51","guid":{"rendered":"http:\/\/www.ecuadoraldia.com.ec\/?p=16216"},"modified":"2018-02-02T13:02:35","modified_gmt":"2018-02-02T18:02:35","slug":"rebeca-illescas-estara-encargada-del-ministerio-de-mineria","status":"publish","type":"post","link":"https:\/\/www.ecuadoraldia.com.ec\/?p=16216","title":{"rendered":"Rebeca Illescas estar\u00e1 encargada del Ministerio de Miner\u00eda"},"content":{"rendered":"<p><a href=\"http:\/\/www.ecuadoraldia.com.ec\/wp-content\/uploads\/2018\/02\/rebeca_illescas.jpg\"><\/a><a href=\"http:\/\/www.ecuadoraldia.com.ec\/wp-content\/uploads\/2018\/02\/illescas2.png\"><img loading=\"lazy\" decoding=\"async\" class=\"alignleft size-medium wp-image-16220\" src=\"http:\/\/www.ecuadoraldia.com.ec\/wp-content\/uploads\/2018\/02\/illescas2-300x178.png\" alt=\"\" width=\"300\" height=\"178\" srcset=\"https:\/\/www.ecuadoraldia.com.ec\/wp-content\/uploads\/2018\/02\/illescas2-300x178.png 300w, https:\/\/www.ecuadoraldia.com.ec\/wp-content\/uploads\/2018\/02\/illescas2-768x455.png 768w, https:\/\/www.ecuadoraldia.com.ec\/wp-content\/uploads\/2018\/02\/illescas2-1024x607.png 1024w, https:\/\/www.ecuadoraldia.com.ec\/wp-content\/uploads\/2018\/02\/illescas2.png 1086w\" sizes=\"(max-width: 300px) 100vw, 300px\" \/><\/a><\/p>\n<p>EFE. El presidente Len\u00edn Moreno, encarg\u00f3 hoy a Rebeca Illescas el Ministerio de Miner\u00eda, tras aceptar la dimisi\u00f3n de Javier C\u00f3rdova, quien estuvo al frente de esa cartera desde febrero de 2015.<\/p>\n<p>Mediante un decreto ejecutivo, Moreno acept\u00f3 la carta de renuncia presentada por C\u00f3rdova, a quien agradeci\u00f3 \u00ablas funciones realizadas\u00bb en el desempe\u00f1o del cargo, del que dimiti\u00f3 sin que hasta el momento se conozcan los motivos de su decisi\u00f3n.<\/p>\n<p>Asimismo, el decreto encarga el Ministerio de Miner\u00eda a Illescas, quien se ven\u00eda desempe\u00f1ando como viceministra en esa cartera de Estado.<\/p>\n<p>Los cambios en ese Ministerio se dan a pocos d\u00edas de la consulta popular y referendo del domingo, impulsado por el presidente Moreno para, entre otras cosas, preguntar a la poblaci\u00f3n sobre la posibilidad de prohibir la explotaci\u00f3n minera en zonas pobladas.<\/p>\n<p>\u00ab\u00bfEst\u00e1 usted de acuerdo con enmendar la Constituci\u00f3n de la Rep\u00fablica del Ecuador para que se proh\u00edba sin excepci\u00f3n la miner\u00eda met\u00e1lica en todas sus etapas, en \u00e1reas protegidas, zonas intangibles y centros urbanos, de conformidad con lo establecido en el Anexo 5?\u00bb, dice la quinta de las siete preguntas que integran la consulta.<\/p>\n<p>Actualmente, la Constituci\u00f3n ecuatoriana proh\u00edbe la actividad extractiva en \u00e1reas protegidas y zonas intangibles y, con la consulta, el Gobierno busca impedir que se realicen actividades mineras en centros urbanos.<\/p>\n","protected":false},"excerpt":{"rendered":"<p>EFE. El presidente Len\u00edn Moreno, encarg\u00f3 hoy a Rebeca Illescas el Ministerio de Miner\u00eda, tras aceptar la dimisi\u00f3n de Javier<\/p>\n","protected":false},"author":1,"featured_media":16220,"comment_status":"closed","ping_status":"closed","sticky":false,"template":"","format":"standard","meta":{"footnotes":""},"categories":[1],"tags":[42],"_links":{"self":[{"href":"https:\/\/www.ecuadoraldia.com.ec\/index.php?rest_route=\/wp\/v2\/posts\/16216"}],"collection":[{"href":"https:\/\/www.ecuadoraldia.com.ec\/index.php?rest_route=\/wp\/v2\/posts"}],"about":[{"href":"https:\/\/www.ecuadoraldia.com.ec\/index.php?rest_route=\/wp\/v2\/types\/post"}],"author":[{"embeddable":true,"href":"https:\/\/www.ecuadoraldia.com.ec\/index.php?rest_route=\/wp\/v2\/users\/1"}],"replies":[{"embeddable":true,"href":"https:\/\/www.ecuadoraldia.com.ec\/index.php?rest_route=%2Fwp%2Fv2%2Fcomments&post=16216"}],"version-history":[{"count":3,"href":"https:\/\/www.ecuadoraldia.com.ec\/index.php?rest_route=\/wp\/v2\/posts\/16216\/revisions"}],"predecessor-version":[{"id":16221,"href":"https:\/\/www.ecuadoraldia.com.ec\/index.php?rest_route=\/wp\/v2\/posts\/16216\/revisions\/16221"}],"wp:featuredmedia":[{"embeddable":true,"href":"https:\/\/www.ecuadoraldia.com.ec\/index.php?rest_route=\/wp\/v2\/media\/16220"}],"wp:attachment":[{"href":"https:\/\/www.ecuadoraldia.com.ec\/index.php?rest_route=%2Fwp%2Fv2%2Fmedia&parent=16216"}],"wp:term":[{"taxonomy":"category","embeddable":true,"href":"https:\/\/www.ecuadoraldia.com.ec\/index.php?rest_route=%2Fwp%2Fv2%2Fcategories&post=16216"},{"taxonomy":"post_tag","embeddable":true,"href":"https:\/\/www.ecuadoraldia.com.ec\/index.php?rest_route=%2Fwp%2Fv2%2Ftags&post=16216"}],"curies":[{"name":"wp","href":"https:\/\/api.w.org\/{rel}","templated":true}]}}