{"id":16222,"date":"2018-02-04T13:18:59","date_gmt":"2018-02-04T18:18:59","guid":{"rendered":"http:\/\/www.ecuadoraldia.com.ec\/?p=16222"},"modified":"2018-02-04T13:18:59","modified_gmt":"2018-02-04T18:18:59","slug":"gabinete-ampliado-ha-sido-convocado-a-las-1600-para-esperar-resultados","status":"publish","type":"post","link":"https:\/\/www.ecuadoraldia.com.ec\/?p=16222","title":{"rendered":"Gabinete ampliado ha sido convocado a las 16:00 para esperar resultados"},"content":{"rendered":"<p><a href=\"http:\/\/www.ecuadoraldia.com.ec\/wp-content\/uploads\/2018\/02\/leninm.jpg\"><img loading=\"lazy\" decoding=\"async\" class=\"alignleft size-medium wp-image-16223\" src=\"http:\/\/www.ecuadoraldia.com.ec\/wp-content\/uploads\/2018\/02\/leninm-300x169.jpg\" alt=\"\" width=\"300\" height=\"169\" srcset=\"https:\/\/www.ecuadoraldia.com.ec\/wp-content\/uploads\/2018\/02\/leninm-300x169.jpg 300w, https:\/\/www.ecuadoraldia.com.ec\/wp-content\/uploads\/2018\/02\/leninm.jpg 762w\" sizes=\"(max-width: 300px) 100vw, 300px\" \/><\/a><\/p>\n<p>El presidente Len\u00edn Moreno dar\u00e1 declaraciones luego de que el CNE haya dado las primeras cifras oficiales de la consulta popular.<\/p>\n<p>A las 16:00 han sido convocados a un gabinete ampliado todos los ministros y representantes de las dem\u00e1s funciones del Estado, como Superintendentes, contralor, procurador, entre otros, por recibir los resultados que dar\u00e1 a conocer el CNE sobre el plebiscito.El presidente Len\u00edn Moreno, dar\u00e1 un pronunciamiento sobre el tema.<\/p>\n<p>El jefe del Estado, Len\u00edn Moreno, se declar\u00f3 este domingo 4 de febrero \u201corgulloso\u201d de los ecuatorianos en la jornada electoral que se desarrolla \u201cen paz\u201d en el pa\u00eds y sus circunscripciones en el exterior para responder a las siete preguntas contenidas en una consulta popular y un refer\u00e9ndum.<\/p>\n<p>El Secretario de Gesti\u00f3n de la Pol\u00edtica Miguel Carvajal, dijo que en cuanto a la posibilidad de que gane el s\u00ed, la Constituci\u00f2n es clara y \u201cTiene que viabilizarse a trav\u00e9s de algunas reformas legales, de tal manera que nosotros como gobierno estamos preparando esas reformas\u201d, manifest\u00f3 el secretario de Estado. \u201cEn caso de ser aprobadas las mismas, ir\u00e1n a la Asamblea Nacional, para que en el menor tiempo posible, esperamos que pueda darlas tr\u00e1mite\u201d, acot\u00f3. (I)<\/p>\n","protected":false},"excerpt":{"rendered":"<p>El presidente Len\u00edn Moreno dar\u00e1 declaraciones luego de que el CNE haya dado las primeras cifras oficiales de la consulta<\/p>\n","protected":false},"author":1,"featured_media":16223,"comment_status":"closed","ping_status":"closed","sticky":false,"template":"","format":"standard","meta":{"footnotes":""},"categories":[1],"tags":[],"_links":{"self":[{"href":"https:\/\/www.ecuadoraldia.com.ec\/index.php?rest_route=\/wp\/v2\/posts\/16222"}],"collection":[{"href":"https:\/\/www.ecuadoraldia.com.ec\/index.php?rest_route=\/wp\/v2\/posts"}],"about":[{"href":"https:\/\/www.ecuadoraldia.com.ec\/index.php?rest_route=\/wp\/v2\/types\/post"}],"author":[{"embeddable":true,"href":"https:\/\/www.ecuadoraldia.com.ec\/index.php?rest_route=\/wp\/v2\/users\/1"}],"replies":[{"embeddable":true,"href":"https:\/\/www.ecuadoraldia.com.ec\/index.php?rest_route=%2Fwp%2Fv2%2Fcomments&post=16222"}],"version-history":[{"count":1,"href":"https:\/\/www.ecuadoraldia.com.ec\/index.php?rest_route=\/wp\/v2\/posts\/16222\/revisions"}],"predecessor-version":[{"id":16224,"href":"https:\/\/www.ecuadoraldia.com.ec\/index.php?rest_route=\/wp\/v2\/posts\/16222\/revisions\/16224"}],"wp:featuredmedia":[{"embeddable":true,"href":"https:\/\/www.ecuadoraldia.com.ec\/index.php?rest_route=\/wp\/v2\/media\/16223"}],"wp:attachment":[{"href":"https:\/\/www.ecuadoraldia.com.ec\/index.php?rest_route=%2Fwp%2Fv2%2Fmedia&parent=16222"}],"wp:term":[{"taxonomy":"category","embeddable":true,"href":"https:\/\/www.ecuadoraldia.com.ec\/index.php?rest_route=%2Fwp%2Fv2%2Fcategories&post=16222"},{"taxonomy":"post_tag","embeddable":true,"href":"https:\/\/www.ecuadoraldia.com.ec\/index.php?rest_route=%2Fwp%2Fv2%2Ftags&post=16222"}],"curies":[{"name":"wp","href":"https:\/\/api.w.org\/{rel}","templated":true}]}}