{"id":16229,"date":"2018-02-05T09:09:43","date_gmt":"2018-02-05T14:09:43","guid":{"rendered":"http:\/\/www.ecuadoraldia.com.ec\/?p=16229"},"modified":"2018-02-05T09:09:43","modified_gmt":"2018-02-05T14:09:43","slug":"correa-rinde-version-por-caso-petrochina","status":"publish","type":"post","link":"https:\/\/www.ecuadoraldia.com.ec\/?p=16229","title":{"rendered":"Correa rinde versi\u00f3n por caso Petrochina"},"content":{"rendered":"<p>&nbsp;<\/p>\n<p><a href=\"http:\/\/www.ecuadoraldia.com.ec\/wp-content\/uploads\/2018\/02\/Rafael-Correa-en-la-fiscalia.jpg\"><img loading=\"lazy\" decoding=\"async\" class=\"alignleft size-medium wp-image-16230\" src=\"http:\/\/www.ecuadoraldia.com.ec\/wp-content\/uploads\/2018\/02\/Rafael-Correa-en-la-fiscalia-300x200.jpg\" alt=\"\" width=\"300\" height=\"200\" srcset=\"https:\/\/www.ecuadoraldia.com.ec\/wp-content\/uploads\/2018\/02\/Rafael-Correa-en-la-fiscalia-300x200.jpg 300w, https:\/\/www.ecuadoraldia.com.ec\/wp-content\/uploads\/2018\/02\/Rafael-Correa-en-la-fiscalia-768x512.jpg 768w, https:\/\/www.ecuadoraldia.com.ec\/wp-content\/uploads\/2018\/02\/Rafael-Correa-en-la-fiscalia.jpg 1024w\" sizes=\"(max-width: 300px) 100vw, 300px\" \/><\/a><\/p>\n<p>El expresidente Rafael Correa est\u00e1 citado para este lunes, 5 de febrero del 2018, a las 09:30 en Guayaquil.<\/p>\n<p>Ser\u00e1 la primera vez que el exjefe de Estado rinda una versi\u00f3n voluntaria sobre un presunto caso de corrupci\u00f3n. Correa dijo el mi\u00e9rcoles pasado (31 de enero) que s\u00ed asistir\u00eda. \u201cSiempre cumplir\u00e9 con mi deber como ciudadano, pese a todo seguir\u00e9 confiando en la justicia\u201d, dijo.<\/p>\n<p>Correa se\u00f1al\u00f3 que \u00e9l solo firm\u00f3 un acuerdo en el 2010. \u201cPero de ah\u00ed en adelante cambi\u00f3 la ley. Yo no he firmado m\u00e1s. Me acusan de unas preventas petroleras del 2016, pero tendr\u00e1n que demostrar\u201d .<\/p>\n<p>Bajo el per\u00edodo de Correa, Ecuador suscribi\u00f3 siete contratos de preventa de crudo con Petrochina. El primer acuerdo se firm\u00f3 en julio del 2009, a cambio de un anticipo de USD 1 000 millones.<\/p>\n<p>Mediante esta figura, que no se hab\u00eda usado antes, el Fisco obtuvo recursos para su presupuesto con la condici\u00f3n de comprometer la venta de su producci\u00f3n futura de petr\u00f3leo. Tras este primer contrato, la aplicaci\u00f3n de esta modalidad de financiamiento se volvi\u00f3 recurrente.<\/p>\n<p>Hasta el 2016, Ecuador firm\u00f3 13 preventas (incluye las siete con Petrochina, dos con Petrotailandia y el resto con Unipec). El pa\u00eds se comprometi\u00f3 a vender a Petrochina 763,8 millones de barriles de crudo hasta el 2024. A cambio recibi\u00f3 USD 9 970 millones en cr\u00e9ditos y anticipos.<\/p>\n<p>&nbsp;<\/p>\n","protected":false},"excerpt":{"rendered":"<p>&nbsp; El expresidente Rafael Correa est\u00e1 citado para este lunes, 5 de febrero del 2018, a las 09:30 en Guayaquil.<\/p>\n","protected":false},"author":1,"featured_media":16230,"comment_status":"closed","ping_status":"closed","sticky":false,"template":"","format":"standard","meta":{"footnotes":""},"categories":[1],"tags":[],"_links":{"self":[{"href":"https:\/\/www.ecuadoraldia.com.ec\/index.php?rest_route=\/wp\/v2\/posts\/16229"}],"collection":[{"href":"https:\/\/www.ecuadoraldia.com.ec\/index.php?rest_route=\/wp\/v2\/posts"}],"about":[{"href":"https:\/\/www.ecuadoraldia.com.ec\/index.php?rest_route=\/wp\/v2\/types\/post"}],"author":[{"embeddable":true,"href":"https:\/\/www.ecuadoraldia.com.ec\/index.php?rest_route=\/wp\/v2\/users\/1"}],"replies":[{"embeddable":true,"href":"https:\/\/www.ecuadoraldia.com.ec\/index.php?rest_route=%2Fwp%2Fv2%2Fcomments&post=16229"}],"version-history":[{"count":1,"href":"https:\/\/www.ecuadoraldia.com.ec\/index.php?rest_route=\/wp\/v2\/posts\/16229\/revisions"}],"predecessor-version":[{"id":16231,"href":"https:\/\/www.ecuadoraldia.com.ec\/index.php?rest_route=\/wp\/v2\/posts\/16229\/revisions\/16231"}],"wp:featuredmedia":[{"embeddable":true,"href":"https:\/\/www.ecuadoraldia.com.ec\/index.php?rest_route=\/wp\/v2\/media\/16230"}],"wp:attachment":[{"href":"https:\/\/www.ecuadoraldia.com.ec\/index.php?rest_route=%2Fwp%2Fv2%2Fmedia&parent=16229"}],"wp:term":[{"taxonomy":"category","embeddable":true,"href":"https:\/\/www.ecuadoraldia.com.ec\/index.php?rest_route=%2Fwp%2Fv2%2Fcategories&post=16229"},{"taxonomy":"post_tag","embeddable":true,"href":"https:\/\/www.ecuadoraldia.com.ec\/index.php?rest_route=%2Fwp%2Fv2%2Ftags&post=16229"}],"curies":[{"name":"wp","href":"https:\/\/api.w.org\/{rel}","templated":true}]}}