{"id":16236,"date":"2018-02-05T13:01:33","date_gmt":"2018-02-05T18:01:33","guid":{"rendered":"http:\/\/www.ecuadoraldia.com.ec\/?p=16236"},"modified":"2018-02-05T13:01:33","modified_gmt":"2018-02-05T18:01:33","slug":"en-medio-de-intensas-protestas-correa-rinde-version-sobre-caso-petrochina","status":"publish","type":"post","link":"https:\/\/www.ecuadoraldia.com.ec\/?p=16236","title":{"rendered":"En medio de intensas protestas Correa rinde versi\u00f3n sobre caso Petrochina"},"content":{"rendered":"<p><a href=\"http:\/\/www.ecuadoraldia.com.ec\/wp-content\/uploads\/2018\/02\/fiscalia.jpg\"><img loading=\"lazy\" decoding=\"async\" class=\"alignleft size-medium wp-image-16237\" src=\"http:\/\/www.ecuadoraldia.com.ec\/wp-content\/uploads\/2018\/02\/fiscalia-300x169.jpg\" alt=\"\" width=\"300\" height=\"169\" srcset=\"https:\/\/www.ecuadoraldia.com.ec\/wp-content\/uploads\/2018\/02\/fiscalia-300x169.jpg 300w, https:\/\/www.ecuadoraldia.com.ec\/wp-content\/uploads\/2018\/02\/fiscalia.jpg 768w\" sizes=\"(max-width: 300px) 100vw, 300px\" \/><\/a><\/p>\n<p>En las inmediaciones de la Fiscal\u00eda del Guayas, en Guayaquil, decenas de protestantes esperaban la llegada del expresidente Rafael Correa. Desde ah\u00ed gritaban consignas en contra del exmandatario, ah\u00ed donde la ma\u00f1ana de este 5 de febrero tiene previsto rendir su versi\u00f3n por el caso Petrochina y por sus declaraciones en una radio sobre el atentado en San Lorenzo, Esmeraldas.<\/p>\n<p>A las 10h00 a\u00fan se manten\u00eda cerrado el tr\u00e1nsito vehicular en la calle C\u00f3rdova, desde Jun\u00edn hasta V\u00edctor Manuel Rend\u00f3n, centro del Puerto Principal, por la presencia de los manifestantes, quienes imped\u00edan el paso de Correa a las instalaciones de la instituci\u00f3n.<\/p>\n<p>Fernando Villavicencio envi\u00f3 a su abogado, Hern\u00e1n Ulloa, para que participe en el proceso con 68 preguntas al expresidente Correa. Sin embargo, Ulloa manifest\u00f3 en redes sociales que no se le permiti\u00f3 el ingreso a la sala donde se le toma la versi\u00f3n al exmandatario, pero que le entreg\u00f3 al fiscal Fabi\u00e1n Salazar el pliego correspondiente.<\/p>\n<p>Mientras que, en Quito, C\u00e9sar Mont\u00fafar acompa\u00f1\u00f3 a Fernando Villavicencio y otros actores pol\u00edticos en un plant\u00f3n en los exteriores de la Fiscal\u00eda. Mont\u00fafar dice que Rafael Correa es el cabecilla de una organizaci\u00f3n delincuencial que se tom\u00f3 el Estado, por lo que pide que se le proh\u00edba salir del pa\u00eds y que se lo vincule penalmente al caso Petrochina.(Ecuavisa).<\/p>\n","protected":false},"excerpt":{"rendered":"<p>En las inmediaciones de la Fiscal\u00eda del Guayas, en Guayaquil, decenas de protestantes esperaban la llegada del expresidente Rafael Correa.<\/p>\n","protected":false},"author":1,"featured_media":16237,"comment_status":"closed","ping_status":"closed","sticky":false,"template":"","format":"standard","meta":{"footnotes":""},"categories":[1],"tags":[],"_links":{"self":[{"href":"https:\/\/www.ecuadoraldia.com.ec\/index.php?rest_route=\/wp\/v2\/posts\/16236"}],"collection":[{"href":"https:\/\/www.ecuadoraldia.com.ec\/index.php?rest_route=\/wp\/v2\/posts"}],"about":[{"href":"https:\/\/www.ecuadoraldia.com.ec\/index.php?rest_route=\/wp\/v2\/types\/post"}],"author":[{"embeddable":true,"href":"https:\/\/www.ecuadoraldia.com.ec\/index.php?rest_route=\/wp\/v2\/users\/1"}],"replies":[{"embeddable":true,"href":"https:\/\/www.ecuadoraldia.com.ec\/index.php?rest_route=%2Fwp%2Fv2%2Fcomments&post=16236"}],"version-history":[{"count":1,"href":"https:\/\/www.ecuadoraldia.com.ec\/index.php?rest_route=\/wp\/v2\/posts\/16236\/revisions"}],"predecessor-version":[{"id":16238,"href":"https:\/\/www.ecuadoraldia.com.ec\/index.php?rest_route=\/wp\/v2\/posts\/16236\/revisions\/16238"}],"wp:featuredmedia":[{"embeddable":true,"href":"https:\/\/www.ecuadoraldia.com.ec\/index.php?rest_route=\/wp\/v2\/media\/16237"}],"wp:attachment":[{"href":"https:\/\/www.ecuadoraldia.com.ec\/index.php?rest_route=%2Fwp%2Fv2%2Fmedia&parent=16236"}],"wp:term":[{"taxonomy":"category","embeddable":true,"href":"https:\/\/www.ecuadoraldia.com.ec\/index.php?rest_route=%2Fwp%2Fv2%2Fcategories&post=16236"},{"taxonomy":"post_tag","embeddable":true,"href":"https:\/\/www.ecuadoraldia.com.ec\/index.php?rest_route=%2Fwp%2Fv2%2Ftags&post=16236"}],"curies":[{"name":"wp","href":"https:\/\/api.w.org\/{rel}","templated":true}]}}