{"id":16242,"date":"2018-02-05T16:31:16","date_gmt":"2018-02-05T21:31:16","guid":{"rendered":"http:\/\/www.ecuadoraldia.com.ec\/?p=16242"},"modified":"2018-02-05T16:31:16","modified_gmt":"2018-02-05T21:31:16","slug":"correa-defendio-la-alianza-estrategica-con-china","status":"publish","type":"post","link":"https:\/\/www.ecuadoraldia.com.ec\/?p=16242","title":{"rendered":"Correa defendi\u00f3 la alianza estrat\u00e9gica con China"},"content":{"rendered":"<p><a href=\"http:\/\/www.ecuadoraldia.com.ec\/wp-content\/uploads\/2018\/02\/correa-en-gye.jpeg\"><img loading=\"lazy\" decoding=\"async\" class=\"alignleft size-medium wp-image-16243\" src=\"http:\/\/www.ecuadoraldia.com.ec\/wp-content\/uploads\/2018\/02\/correa-en-gye-300x167.jpeg\" alt=\"\" width=\"300\" height=\"167\" srcset=\"https:\/\/www.ecuadoraldia.com.ec\/wp-content\/uploads\/2018\/02\/correa-en-gye-300x167.jpeg 300w, https:\/\/www.ecuadoraldia.com.ec\/wp-content\/uploads\/2018\/02\/correa-en-gye.jpeg 612w\" sizes=\"(max-width: 300px) 100vw, 300px\" \/><\/a><\/p>\n<p>EFE El expresidente Rafael Correa acudi\u00f3 hoy lunes 5 de febrero del 2018 a la Fiscal\u00eda de Guayaquil a donde fue convocado para dar su versi\u00f3n \u00ablibre y voluntaria\u00bb en las investigaciones del llamado caso Petrochina, sobre un posible perjuicio al Estado en la venta anticipada de petr\u00f3leo a China.<\/p>\n<p>Correa quien gobern\u00f3 el Pa\u00eds entre 2007 y 2017, tild\u00f3 de \u00abpersecuci\u00f3n pol\u00edtica\u00bb la investigaci\u00f3n que lleva a cabo la fiscal\u00eda. Correa indic\u00f3 ante los medios que en 2010 aprob\u00f3 una operaci\u00f3n que consider\u00f3 beneficiosa para el pa\u00eds, de la que dijo desconocer detalles, como costos de fletes, de lo que se encargaba su equipo t\u00e9cnico, del que no ten\u00eda por qu\u00e9 desconfiar, reiter\u00f3.<br \/>\nEl pasado 25 de enero, en este caso testificaron el empresario Enrique Cadena, desde M\u00e9xico, y Fernando Villavicencio. Este \u00faltimo sostiene que el Estado ecuatoriano fue presuntamente perjudicado en USD 2 200 millones por la suscripci\u00f3n de contratos con China y Tailandia a trav\u00e9s de alianzas estrat\u00e9gicas, algo que rechaza Correa, quien hoy dijo que la denuncia contiene \u00abgrav\u00edsimos errores\u00bb.<\/p>\n<p>El exmandatario, quien fue respaldado por seguidores en el exterior de la Fiscal\u00eda, as\u00ed como el rechazo de opositores, defendi\u00f3 la importancia de la alianza estrat\u00e9gica con China, una naci\u00f3n que tiene financiaci\u00f3n mientras Ecuador tiene hidrocarburos, se\u00f1al\u00f3. Ampliar Llegada del expresidente Rafael Correa a la Fiscal\u00eda del Guayas para rendir su versi\u00f3n en el caso Petrochina.<\/p>\n","protected":false},"excerpt":{"rendered":"<p>EFE El expresidente Rafael Correa acudi\u00f3 hoy lunes 5 de febrero del 2018 a la Fiscal\u00eda de Guayaquil a donde<\/p>\n","protected":false},"author":1,"featured_media":16243,"comment_status":"closed","ping_status":"closed","sticky":false,"template":"","format":"standard","meta":{"footnotes":""},"categories":[1],"tags":[],"_links":{"self":[{"href":"https:\/\/www.ecuadoraldia.com.ec\/index.php?rest_route=\/wp\/v2\/posts\/16242"}],"collection":[{"href":"https:\/\/www.ecuadoraldia.com.ec\/index.php?rest_route=\/wp\/v2\/posts"}],"about":[{"href":"https:\/\/www.ecuadoraldia.com.ec\/index.php?rest_route=\/wp\/v2\/types\/post"}],"author":[{"embeddable":true,"href":"https:\/\/www.ecuadoraldia.com.ec\/index.php?rest_route=\/wp\/v2\/users\/1"}],"replies":[{"embeddable":true,"href":"https:\/\/www.ecuadoraldia.com.ec\/index.php?rest_route=%2Fwp%2Fv2%2Fcomments&post=16242"}],"version-history":[{"count":1,"href":"https:\/\/www.ecuadoraldia.com.ec\/index.php?rest_route=\/wp\/v2\/posts\/16242\/revisions"}],"predecessor-version":[{"id":16244,"href":"https:\/\/www.ecuadoraldia.com.ec\/index.php?rest_route=\/wp\/v2\/posts\/16242\/revisions\/16244"}],"wp:featuredmedia":[{"embeddable":true,"href":"https:\/\/www.ecuadoraldia.com.ec\/index.php?rest_route=\/wp\/v2\/media\/16243"}],"wp:attachment":[{"href":"https:\/\/www.ecuadoraldia.com.ec\/index.php?rest_route=%2Fwp%2Fv2%2Fmedia&parent=16242"}],"wp:term":[{"taxonomy":"category","embeddable":true,"href":"https:\/\/www.ecuadoraldia.com.ec\/index.php?rest_route=%2Fwp%2Fv2%2Fcategories&post=16242"},{"taxonomy":"post_tag","embeddable":true,"href":"https:\/\/www.ecuadoraldia.com.ec\/index.php?rest_route=%2Fwp%2Fv2%2Ftags&post=16242"}],"curies":[{"name":"wp","href":"https:\/\/api.w.org\/{rel}","templated":true}]}}