{"id":16246,"date":"2018-02-05T17:01:34","date_gmt":"2018-02-05T22:01:34","guid":{"rendered":"http:\/\/www.ecuadoraldia.com.ec\/?p=16246"},"modified":"2018-02-05T17:10:37","modified_gmt":"2018-02-05T22:10:37","slug":"cal-da-via-libre-para-juicio-politico-contra-ochoa","status":"publish","type":"post","link":"https:\/\/www.ecuadoraldia.com.ec\/?p=16246","title":{"rendered":"CAL da v\u00eda libre para juicio pol\u00edtico contra Ochoa"},"content":{"rendered":"<p><a href=\"http:\/\/www.ecuadoraldia.com.ec\/wp-content\/uploads\/2018\/02\/juicio-ochoa.jpg\"><img loading=\"lazy\" decoding=\"async\" class=\"alignleft size-medium wp-image-16247\" src=\"http:\/\/www.ecuadoraldia.com.ec\/wp-content\/uploads\/2018\/02\/juicio-ochoa-300x169.jpg\" alt=\"\" width=\"300\" height=\"169\" srcset=\"https:\/\/www.ecuadoraldia.com.ec\/wp-content\/uploads\/2018\/02\/juicio-ochoa-300x169.jpg 300w, https:\/\/www.ecuadoraldia.com.ec\/wp-content\/uploads\/2018\/02\/juicio-ochoa.jpg 768w\" sizes=\"(max-width: 300px) 100vw, 300px\" \/><\/a><\/p>\n<p>El Consejo de Administraci\u00f3n Legislativa (CAL) de la Asamblea Nacional calific\u00f3 el pedido de juicio pol\u00edtico contra el Superintendente de Comunicaci\u00f3n, Carlos Ochoa.<\/p>\n<p>Esta instancia de la Asamblea deber\u00e1 decidir si el funcionario va a interpelaci\u00f3n ante el pleno de la Asamblea Nacional.<\/p>\n<p>El presidente de la Asamblea, Jos\u00e9 Serrano, anunci\u00f3 mediante Twitter que el CAL acept\u00f3 a tr\u00e1mite la solicitud de juicio pol\u00edtico. El expediente se remitir\u00e1 a la Comisi\u00f3n de Fiscalizaci\u00f3n.<\/p>\n<p><a href=\"http:\/\/www.ecuadoraldia.com.ec\/wp-content\/uploads\/2018\/02\/juiciopo.png\"><img loading=\"lazy\" decoding=\"async\" class=\"alignleft size-medium wp-image-16248\" src=\"http:\/\/www.ecuadoraldia.com.ec\/wp-content\/uploads\/2018\/02\/juiciopo-300x138.png\" alt=\"\" width=\"300\" height=\"138\" srcset=\"https:\/\/www.ecuadoraldia.com.ec\/wp-content\/uploads\/2018\/02\/juiciopo-300x138.png 300w, https:\/\/www.ecuadoraldia.com.ec\/wp-content\/uploads\/2018\/02\/juiciopo-768x353.png 768w, https:\/\/www.ecuadoraldia.com.ec\/wp-content\/uploads\/2018\/02\/juiciopo.png 772w\" sizes=\"(max-width: 300px) 100vw, 300px\" \/><\/a><\/p>\n<p>La semana anterior, un grupo de 50 asamble\u00edstas de la oposici\u00f3n y tres de asamble\u00edstas morenistas (Alianza PAIS) oficializ\u00f3 el pedido de juicio pol\u00edtico en contra del superintendente de Comunicaci\u00f3n, Carlos Ochoa, por incumplimiento de funciones.<\/p>\n<p>La votaci\u00f3n se di\u00f3 con cinco votos afirmativos, Soledad Buendia Vot\u00f3 en Contra.<\/p>\n<p>La Comisi\u00f3n de Fiscalizaci\u00f3n deber\u00e1 sustentar el proceso en contra del Superintendente de la Informaci\u00f3n y Comunicaci\u00f3n, tras el pedido de la Oposici\u00f3n liderada por la bancada de CREO, SUMA PSC\u00a0 y el Bloque de Integraci\u00f3n.(I)<\/p>\n<p>&nbsp;<\/p>\n","protected":false},"excerpt":{"rendered":"<p>El Consejo de Administraci\u00f3n Legislativa (CAL) de la Asamblea Nacional calific\u00f3 el pedido de juicio pol\u00edtico contra el Superintendente de<\/p>\n","protected":false},"author":1,"featured_media":16247,"comment_status":"closed","ping_status":"closed","sticky":false,"template":"","format":"standard","meta":{"footnotes":""},"categories":[1],"tags":[],"_links":{"self":[{"href":"https:\/\/www.ecuadoraldia.com.ec\/index.php?rest_route=\/wp\/v2\/posts\/16246"}],"collection":[{"href":"https:\/\/www.ecuadoraldia.com.ec\/index.php?rest_route=\/wp\/v2\/posts"}],"about":[{"href":"https:\/\/www.ecuadoraldia.com.ec\/index.php?rest_route=\/wp\/v2\/types\/post"}],"author":[{"embeddable":true,"href":"https:\/\/www.ecuadoraldia.com.ec\/index.php?rest_route=\/wp\/v2\/users\/1"}],"replies":[{"embeddable":true,"href":"https:\/\/www.ecuadoraldia.com.ec\/index.php?rest_route=%2Fwp%2Fv2%2Fcomments&post=16246"}],"version-history":[{"count":3,"href":"https:\/\/www.ecuadoraldia.com.ec\/index.php?rest_route=\/wp\/v2\/posts\/16246\/revisions"}],"predecessor-version":[{"id":16251,"href":"https:\/\/www.ecuadoraldia.com.ec\/index.php?rest_route=\/wp\/v2\/posts\/16246\/revisions\/16251"}],"wp:featuredmedia":[{"embeddable":true,"href":"https:\/\/www.ecuadoraldia.com.ec\/index.php?rest_route=\/wp\/v2\/media\/16247"}],"wp:attachment":[{"href":"https:\/\/www.ecuadoraldia.com.ec\/index.php?rest_route=%2Fwp%2Fv2%2Fmedia&parent=16246"}],"wp:term":[{"taxonomy":"category","embeddable":true,"href":"https:\/\/www.ecuadoraldia.com.ec\/index.php?rest_route=%2Fwp%2Fv2%2Fcategories&post=16246"},{"taxonomy":"post_tag","embeddable":true,"href":"https:\/\/www.ecuadoraldia.com.ec\/index.php?rest_route=%2Fwp%2Fv2%2Ftags&post=16246"}],"curies":[{"name":"wp","href":"https:\/\/api.w.org\/{rel}","templated":true}]}}