{"id":16252,"date":"2018-02-06T15:49:46","date_gmt":"2018-02-06T20:49:46","guid":{"rendered":"http:\/\/www.ecuadoraldia.com.ec\/?p=16252"},"modified":"2018-02-06T15:49:46","modified_gmt":"2018-02-06T20:49:46","slug":"el-jueves-se-conforma-comision-que-viabilice-resultados-de-la-consulta","status":"publish","type":"post","link":"https:\/\/www.ecuadoraldia.com.ec\/?p=16252","title":{"rendered":"El jueves se conforma comisi\u00f3n que viabilice resultados de la consulta"},"content":{"rendered":"<p><a href=\"http:\/\/www.ecuadoraldia.com.ec\/wp-content\/uploads\/2018\/02\/comision-asamblea.jpg\"><img loading=\"lazy\" decoding=\"async\" class=\"alignleft size-medium wp-image-16253\" src=\"http:\/\/www.ecuadoraldia.com.ec\/wp-content\/uploads\/2018\/02\/comision-asamblea-300x142.jpg\" alt=\"\" width=\"300\" height=\"142\" srcset=\"https:\/\/www.ecuadoraldia.com.ec\/wp-content\/uploads\/2018\/02\/comision-asamblea-300x142.jpg 300w, https:\/\/www.ecuadoraldia.com.ec\/wp-content\/uploads\/2018\/02\/comision-asamblea-768x362.jpg 768w, https:\/\/www.ecuadoraldia.com.ec\/wp-content\/uploads\/2018\/02\/comision-asamblea-1024x483.jpg 1024w, https:\/\/www.ecuadoraldia.com.ec\/wp-content\/uploads\/2018\/02\/comision-asamblea.jpg 1200w\" sizes=\"(max-width: 300px) 100vw, 300px\" \/><\/a><\/p>\n<p>El presidente de la Asamblea Nacional, Jos\u00e9 Serrano, inform\u00f3 que el pleno del Legislativo fue convocado para el jueves 8 de febrero, con el fin de designar a los miembros de la Comisi\u00f3n Ocasional que viabilizar\u00e1 los resultados de la \u00faltima consulta popular.<\/p>\n<p>La comisi\u00f3n estar\u00e1 conformada por 9 asamble\u00edstas y trabajar\u00e1 en la ejecuci\u00f3n de los resultados de las preguntas 3 y 6 del refer\u00e9ndum, que estaban vinculadas a la reestructuraci\u00f3n del Consejo de Participaci\u00f3n Ciudadana y la derogaci\u00f3n de la denominada &#8216;Ley de Plusval\u00eda&#8217;. Serrano indic\u00f3 que esta Comisi\u00f3n Ocasional tendr\u00e1 un tiempo m\u00e1ximo de 45 d\u00edas de funciones.<\/p>\n<p>&nbsp;<\/p>\n","protected":false},"excerpt":{"rendered":"<p>El presidente de la Asamblea Nacional, Jos\u00e9 Serrano, inform\u00f3 que el pleno del Legislativo fue convocado para el jueves 8<\/p>\n","protected":false},"author":1,"featured_media":16253,"comment_status":"closed","ping_status":"closed","sticky":false,"template":"","format":"standard","meta":{"footnotes":""},"categories":[3],"tags":[],"_links":{"self":[{"href":"https:\/\/www.ecuadoraldia.com.ec\/index.php?rest_route=\/wp\/v2\/posts\/16252"}],"collection":[{"href":"https:\/\/www.ecuadoraldia.com.ec\/index.php?rest_route=\/wp\/v2\/posts"}],"about":[{"href":"https:\/\/www.ecuadoraldia.com.ec\/index.php?rest_route=\/wp\/v2\/types\/post"}],"author":[{"embeddable":true,"href":"https:\/\/www.ecuadoraldia.com.ec\/index.php?rest_route=\/wp\/v2\/users\/1"}],"replies":[{"embeddable":true,"href":"https:\/\/www.ecuadoraldia.com.ec\/index.php?rest_route=%2Fwp%2Fv2%2Fcomments&post=16252"}],"version-history":[{"count":1,"href":"https:\/\/www.ecuadoraldia.com.ec\/index.php?rest_route=\/wp\/v2\/posts\/16252\/revisions"}],"predecessor-version":[{"id":16254,"href":"https:\/\/www.ecuadoraldia.com.ec\/index.php?rest_route=\/wp\/v2\/posts\/16252\/revisions\/16254"}],"wp:featuredmedia":[{"embeddable":true,"href":"https:\/\/www.ecuadoraldia.com.ec\/index.php?rest_route=\/wp\/v2\/media\/16253"}],"wp:attachment":[{"href":"https:\/\/www.ecuadoraldia.com.ec\/index.php?rest_route=%2Fwp%2Fv2%2Fmedia&parent=16252"}],"wp:term":[{"taxonomy":"category","embeddable":true,"href":"https:\/\/www.ecuadoraldia.com.ec\/index.php?rest_route=%2Fwp%2Fv2%2Fcategories&post=16252"},{"taxonomy":"post_tag","embeddable":true,"href":"https:\/\/www.ecuadoraldia.com.ec\/index.php?rest_route=%2Fwp%2Fv2%2Ftags&post=16252"}],"curies":[{"name":"wp","href":"https:\/\/api.w.org\/{rel}","templated":true}]}}