{"id":16255,"date":"2018-02-06T15:54:58","date_gmt":"2018-02-06T20:54:58","guid":{"rendered":"http:\/\/www.ecuadoraldia.com.ec\/?p=16255"},"modified":"2018-02-06T15:54:58","modified_gmt":"2018-02-06T20:54:58","slug":"supercom-impugnara-destitucion-de-ochoa","status":"publish","type":"post","link":"https:\/\/www.ecuadoraldia.com.ec\/?p=16255","title":{"rendered":"Supercom impugnar\u00e1 destituci\u00f3n de Ochoa"},"content":{"rendered":"<p><a href=\"http:\/\/www.ecuadoraldia.com.ec\/wp-content\/uploads\/2018\/02\/distitu.jpg\"><img loading=\"lazy\" decoding=\"async\" class=\"alignleft size-medium wp-image-16256\" src=\"http:\/\/www.ecuadoraldia.com.ec\/wp-content\/uploads\/2018\/02\/distitu-300x142.jpg\" alt=\"\" width=\"300\" height=\"142\" srcset=\"https:\/\/www.ecuadoraldia.com.ec\/wp-content\/uploads\/2018\/02\/distitu-300x142.jpg 300w, https:\/\/www.ecuadoraldia.com.ec\/wp-content\/uploads\/2018\/02\/distitu-768x362.jpg 768w, https:\/\/www.ecuadoraldia.com.ec\/wp-content\/uploads\/2018\/02\/distitu-1024x483.jpg 1024w, https:\/\/www.ecuadoraldia.com.ec\/wp-content\/uploads\/2018\/02\/distitu.jpg 1200w\" sizes=\"(max-width: 300px) 100vw, 300px\" \/><\/a><br \/>\nLa Superintendencia de la Informaci\u00f3n y Comunicaci\u00f3n (Supercom) inform\u00f3 que la decisi\u00f3n de la Contralor\u00eda de ratificar la destituci\u00f3n de su titular, Carlos Ochoa, ser\u00e1 impugnada ante el Tribunal Contencioso Administrativo.<\/p>\n<p>En un comunicado, el organismo calific\u00f3 de \u00abinconstitucional\u00bb y \u00abarbitraria\u00bb la resoluci\u00f3n de la Contralor\u00eda, puesto que es \u00abuna clara violaci\u00f3n al debido proceso, la seguridad jur\u00eddica y el derecho a la defensa\u00bb. Seg\u00fan la Supercom, la impugnaci\u00f3n suspende la ejecuci\u00f3n de dicha resoluci\u00f3n. \u00abNo tiene ning\u00fan asidero jur\u00eddico generar una destituci\u00f3n de un cargo que no se reg\u00eda por las leyes y normativas del servicio p\u00fablico\u00bb, apunta el comunicado.<\/p>\n<p>El lunes, la Contralor\u00eda General del Estado notific\u00f3 a Ochoa con la ratificaci\u00f3n de su destituci\u00f3n y del pago de una multa de 20 salarios b\u00e1sicos unificados ($ 7.720). Las sanciones se derivan de un examen a la administraci\u00f3n y a los contratos y convenios relacionados con los derechos de transmisi\u00f3n y retransmisi\u00f3n de los partidos de f\u00fatbol de GamaTv, durante su gesti\u00f3n como director nacional de Noticias de ese canal.<\/p>\n<p>El funcionario tiene pendiente la predeterminaci\u00f3n de otras dos glosas. La notificaci\u00f3n de la Contralor\u00eda se produjo el mismo d\u00eda en que el Consejo de Administraci\u00f3n Legislativa (CAL) de la Asamblea Nacional dio paso a un pedido de juicio pol\u00edtico en su contra. (I) Tomado de el Tel\u00e9grafo<\/p>\n<p>&nbsp;<\/p>\n","protected":false},"excerpt":{"rendered":"<p>La Superintendencia de la Informaci\u00f3n y Comunicaci\u00f3n (Supercom) inform\u00f3 que la decisi\u00f3n de la Contralor\u00eda de ratificar la destituci\u00f3n de<\/p>\n","protected":false},"author":1,"featured_media":16256,"comment_status":"closed","ping_status":"closed","sticky":false,"template":"","format":"standard","meta":{"footnotes":""},"categories":[1],"tags":[43],"_links":{"self":[{"href":"https:\/\/www.ecuadoraldia.com.ec\/index.php?rest_route=\/wp\/v2\/posts\/16255"}],"collection":[{"href":"https:\/\/www.ecuadoraldia.com.ec\/index.php?rest_route=\/wp\/v2\/posts"}],"about":[{"href":"https:\/\/www.ecuadoraldia.com.ec\/index.php?rest_route=\/wp\/v2\/types\/post"}],"author":[{"embeddable":true,"href":"https:\/\/www.ecuadoraldia.com.ec\/index.php?rest_route=\/wp\/v2\/users\/1"}],"replies":[{"embeddable":true,"href":"https:\/\/www.ecuadoraldia.com.ec\/index.php?rest_route=%2Fwp%2Fv2%2Fcomments&post=16255"}],"version-history":[{"count":1,"href":"https:\/\/www.ecuadoraldia.com.ec\/index.php?rest_route=\/wp\/v2\/posts\/16255\/revisions"}],"predecessor-version":[{"id":16257,"href":"https:\/\/www.ecuadoraldia.com.ec\/index.php?rest_route=\/wp\/v2\/posts\/16255\/revisions\/16257"}],"wp:featuredmedia":[{"embeddable":true,"href":"https:\/\/www.ecuadoraldia.com.ec\/index.php?rest_route=\/wp\/v2\/media\/16256"}],"wp:attachment":[{"href":"https:\/\/www.ecuadoraldia.com.ec\/index.php?rest_route=%2Fwp%2Fv2%2Fmedia&parent=16255"}],"wp:term":[{"taxonomy":"category","embeddable":true,"href":"https:\/\/www.ecuadoraldia.com.ec\/index.php?rest_route=%2Fwp%2Fv2%2Fcategories&post=16255"},{"taxonomy":"post_tag","embeddable":true,"href":"https:\/\/www.ecuadoraldia.com.ec\/index.php?rest_route=%2Fwp%2Fv2%2Ftags&post=16255"}],"curies":[{"name":"wp","href":"https:\/\/api.w.org\/{rel}","templated":true}]}}