{"id":16262,"date":"2018-02-08T15:35:22","date_gmt":"2018-02-08T20:35:22","guid":{"rendered":"http:\/\/www.ecuadoraldia.com.ec\/?p=16262"},"modified":"2018-02-08T15:35:22","modified_gmt":"2018-02-08T20:35:22","slug":"cronograma-de-la-segunda-cumbre-mundial","status":"publish","type":"post","link":"https:\/\/www.ecuadoraldia.com.ec\/?p=16262","title":{"rendered":"Cronograma de la Segunda Cumbre  Mundial"},"content":{"rendered":"<p><strong><a href=\"http:\/\/www.ecuadoraldia.com.ec\/wp-content\/uploads\/2018\/01\/cumbre.jpg\"><img loading=\"lazy\" decoding=\"async\" class=\"wp-image-16185 aligncenter\" src=\"http:\/\/www.ecuadoraldia.com.ec\/wp-content\/uploads\/2018\/01\/cumbre.jpg\" alt=\"\" width=\"210\" height=\"160\" \/><\/a><\/strong><\/p>\n<p style=\"text-align: center;\"><strong>SEGUNDA CUMBRE<\/strong> <strong>MUNDIAL <\/strong><strong><em>DE LAS ARTES POR LA PAZ Y VIDA 2018<\/em><\/strong><\/p>\n<table width=\"643\">\n<tbody>\n<tr>\n<td width=\"132\"><strong><em>FECHA<\/em><\/strong><\/td>\n<td width=\"76\"><strong><em>HORA<\/em><\/strong><\/td>\n<td width=\"179\"><strong><em>LUGAR<\/em><\/strong><\/td>\n<td width=\"255\"><strong><em>ACTIVIDAD<\/em><\/strong><\/td>\n<\/tr>\n<tr>\n<td width=\"132\"><strong>Jueves<\/strong><\/p>\n<p><strong>22\u00a0\u00a0\u00a0 02\u00a0\u00a0\u00a0 2018<\/strong><\/td>\n<td width=\"76\">13 h 00<\/td>\n<td width=\"179\">Auditorio Municipal de la ciudad de Ambato<\/p>\n<p>&nbsp;<\/td>\n<td width=\"255\">Reconocimiento al Artista Ricardo Taco Lovato (Inti Amaru), como Patrimonio Vivo de la Cultura Oral y art\u00edstica<\/p>\n<p>Recital del grupo musical Pakari<\/p>\n<p>Marcela Valencia Colombia<\/p>\n<p>Eduardo Enderica Cantautor<\/p>\n<p>Jeanel Milien<\/td>\n<\/tr>\n<tr>\n<td width=\"132\"><strong>Jueves<\/strong><\/p>\n<p><strong>22\u00a0\u00a0\u00a0 03\u00a0\u00a0\u00a0 2018<\/strong><\/p>\n<p>&nbsp;<\/td>\n<td width=\"76\">18 h 00<\/td>\n<td width=\"179\">Bas\u00edlica del Voto Nacional<\/td>\n<td width=\"255\">Encuentro de artistas nacionales e internacionales\u00a0 por la Paz y la Vida.<\/p>\n<p>Entre los artistas invitados esta la<\/p>\n<p>&nbsp;<\/p>\n<p>soprano l\u00edrica \u00a0Paola Aranda,<\/p>\n<p>&nbsp;<\/p>\n<p>Grupo Voces,<\/p>\n<p>&nbsp;<\/p>\n<p>Nuby Nuby Pop Music EE.UU.,<\/p>\n<p>&nbsp;<\/p>\n<p>D\u00fao Inti Amaru,<\/p>\n<p>las Poetas \u00a0Grace Chiriboga Maria Angelica Andrade,<\/p>\n<p>Doris Carvajal y Shirley Cirone Uruguay,<\/p>\n<p>&nbsp;<\/p>\n<p>Humanizarte,<\/p>\n<p>&nbsp;<\/p>\n<p>grupo musical\u00a0 Killari<\/p>\n<p>&nbsp;<\/p>\n<p>Sinf\u00f3nica del Consejo Provincial de Pichincha<\/p>\n<p>&nbsp;<\/p>\n<p>Entre otros invitados especiales, la ceremonia de apertura estar\u00e1 a cargo del se\u00f1or Ramiro Caiza y el Dr. Fabi\u00e1n Poveda.<\/td>\n<\/tr>\n<tr>\n<td width=\"132\"><strong>Viernes<\/strong><\/p>\n<p><strong>23\u00a0\u00a0\u00a0 03\u00a0\u00a0\u00a0 2018<\/strong><\/td>\n<td width=\"76\">15 h 00<\/td>\n<td width=\"179\">Auditorio Municipal del Cant\u00f3n Mej\u00eda.<\/td>\n<td width=\"255\">Inauguraci\u00f3n de la Muestra Pict\u00f3rica Nacional e Internacional y recital de m\u00fasica. Auditorio Municipal Cant\u00f3n Mej\u00eda<\/p>\n<p>Killari<\/p>\n<p>Nuby Nuby Pop Music<\/p>\n<p>Jeanel Milien<\/p>\n<p>Marcela Valencia<\/p>\n<p>Eduardo Enderica<\/td>\n<\/tr>\n<tr>\n<td rowspan=\"2\" width=\"132\"><strong>Viernes<\/strong><\/p>\n<p><strong>23\u00a0\u00a0\u00a0 03\u00a0\u00a0\u00a0 2018<\/strong><\/p>\n<p>&nbsp;<\/td>\n<td width=\"76\">18 h 30<\/td>\n<td width=\"179\">Sala Demetrio Aguilera Malta de la CCE Benjam\u00edn Carri\u00f3n \u00a0de Quito.<\/p>\n<p>&nbsp;<\/p>\n<p>Con la presencia de la corte de honor de \u00d1ustas del Ecuador<\/td>\n<td width=\"255\">Breve charla: Una mirada hist\u00f3rica del Quito la tierra del sol recto a cargo de Patricio Morales<\/p>\n<p>Intervenci\u00f3n de varios artistas destacados como:<\/p>\n<p>Inti Amaru, Taoni Taco, Patricio Guerrero.<\/p>\n<p>Grupo Fortaleza<\/p>\n<p>Alma Bohemia<\/p>\n<p>Humanizarte<\/p>\n<p>Banda Sinf\u00f3nica Conservatorio<\/td>\n<\/tr>\n<tr>\n<td width=\"76\">19 30<\/td>\n<td width=\"179\">Inauguraci\u00f3n de muestra pict\u00f3rica\u00a0 en las salas de exposici\u00f3n Miguel de Santiago Guayasamin y kigman<\/td>\n<td width=\"255\">Ang\u00e9lica Mar\u00eda Andrade\u00a0\u00a0\u00a0 (Poetisa<\/p>\n<p>Doris Carvajal\u00a0 poetisa<\/p>\n<p>Shirley Cirone<\/p>\n<p>Miguel Regal<\/p>\n<p>Murialdo\u00a0 Chicaiza poeta<\/p>\n<p>Nuby Nuby Pop Music<\/p>\n<p>Animaci\u00f3n Walvin Vargas Acosta<\/td>\n<\/tr>\n<tr>\n<td width=\"132\"><strong>S\u00e1bado<\/strong><\/p>\n<p><strong>24\u00a0\u00a0\u00a0 03\u00a0\u00a0\u00a0 2018<\/strong><\/p>\n<p>&nbsp;<\/td>\n<td width=\"76\">12 h 00<\/td>\n<td width=\"179\">Cochasqui<\/p>\n<p>&nbsp;<\/td>\n<td width=\"255\">Inauguraci\u00f3n de muestra art\u00edstica\u00a0 Nacional e Internacional<\/p>\n<p><strong>Ritual del Solsticio <\/strong><\/p>\n<p>Enrique Males<\/p>\n<p>Humanizarte<\/p>\n<p>Killari<\/p>\n<p>Nuby\u00a0 Nuby pop music<\/p>\n<p>Miguel Regal<\/p>\n<p>Marcela Valencia<\/p>\n<p>Jeanel Milien<\/p>\n<p>Los Diablos de Cantu\u00f1a<\/p>\n<p>Sinf\u00f3nica Consejo Provincial<\/td>\n<\/tr>\n<tr>\n<td width=\"132\"><strong>Viernes<\/strong><\/p>\n<p><strong>30\u00a0\u00a0\u00a0 03\u00a0\u00a0\u00a0 2018<\/strong><\/p>\n<p>&nbsp;<\/td>\n<td width=\"76\">19 h 00<\/td>\n<td width=\"179\">Cayambe Ayora, Olmedo, Julio Andrade, C.C.E.C.<\/td>\n<td width=\"255\">Encuentro de artistas nacionales e internacionales por la paz y la vida<\/p>\n<p>Exposiciones de Pinturas y m\u00fasica<\/td>\n<\/tr>\n<tr>\n<td width=\"132\"><strong>Viernes<\/strong><\/p>\n<p><strong>06\u00a0\u00a0\u00a0 04\u00a0\u00a0\u00a0 2018<\/strong><\/p>\n<p>&nbsp;<\/td>\n<td width=\"76\">19 h 00<\/td>\n<td width=\"179\">Tulc\u00e1n La Casa Nuestra<\/td>\n<td width=\"255\">Muestra Internacional \u00a0y Conciertos<\/td>\n<\/tr>\n<tr>\n<td width=\"132\"><strong>Jueves<\/strong><\/p>\n<p><strong>12\u00a0\u00a0\u00a0 04\u00a0\u00a0\u00a0 2018<\/strong><\/p>\n<p>&nbsp;<\/td>\n<td width=\"76\">19 h 00<\/td>\n<td width=\"179\">Cayambe:\u00a0 Ayora,\u00a0 Olmedo, Casa de la Cultura de Cayambe<\/td>\n<td width=\"255\">Exposiciones y recitales de M\u00fasica, Pinturas<\/td>\n<\/tr>\n<tr>\n<td width=\"132\"><strong>Viernes<\/strong><\/p>\n<p><strong>13\u00a0\u00a0\u00a0 04\u00a0\u00a0\u00a0 2018<\/strong><\/p>\n<p>&nbsp;<\/td>\n<td width=\"76\">19 h 00<\/td>\n<td width=\"179\">Sucumb\u00edos Municipio Lago Agrio<\/td>\n<td width=\"255\">Muestras Internacionales y Conciertos<\/td>\n<\/tr>\n<tr>\n<td width=\"132\"><strong>S\u00e1bado<\/strong><\/p>\n<p><strong>20\u00a0\u00a0\u00a0 04\u00a0\u00a0\u00a0 2018<\/strong><\/p>\n<p>&nbsp;<\/td>\n<td width=\"76\">19 h 00<\/td>\n<td width=\"179\">Cayambe Casa de la Cultura<\/td>\n<td width=\"255\">Exposiciones de Pinturas<\/td>\n<\/tr>\n<tr>\n<td width=\"132\"><strong>Viernes<\/strong><\/p>\n<p><strong>27\u00a0\u00a0\u00a0 04\u00a0\u00a0\u00a0 2018<\/strong><\/p>\n<p>&nbsp;<\/td>\n<td width=\"76\">19 h 00<\/td>\n<td width=\"179\">Ibarra\u00a0 Zona Cultural de Conteiner Pack.<\/td>\n<td width=\"255\">Muestras Internacional y Conciertos<\/td>\n<\/tr>\n<tr>\n<td width=\"132\"><strong>Jueves<\/strong><\/p>\n<p><strong>03\u00a0\u00a0\u00a0 05\u00a0\u00a0\u00a0 2018<\/strong><\/p>\n<p>&nbsp;<\/td>\n<td width=\"76\">19 h 00<\/td>\n<td width=\"179\">Azuay Centro de Promoci\u00f3n<\/td>\n<td width=\"255\">Muestras Internacional y Conciertos<\/td>\n<\/tr>\n<tr>\n<td width=\"132\"><strong>Viernes<\/strong><\/p>\n<p><strong>04\u00a0\u00a0\u00a0 05\u00a0\u00a0\u00a0 2018<\/strong><\/p>\n<p>&nbsp;<\/td>\n<td width=\"76\">19 h 00<\/td>\n<td width=\"179\">Casa Cultural Trude Sojka<\/td>\n<td width=\"255\">Muestra Internacional y Conciertos<\/p>\n<p>&nbsp;<\/td>\n<\/tr>\n<tr>\n<td width=\"132\"><strong>Mi\u00e9rcoles<\/strong><\/p>\n<p><strong>09\u00a0\u00a0\u00a0 05\u00a0\u00a0\u00a0 2018<\/strong><\/p>\n<p>&nbsp;<\/td>\n<td width=\"76\">19 h 00<\/td>\n<td width=\"179\">Loja Tebaida baja<\/td>\n<td width=\"255\">Muestra Internacional y Conciertos<\/td>\n<\/tr>\n<tr>\n<td width=\"132\"><strong>Mi\u00e9rcoles<\/strong><\/p>\n<p><strong>09\u00a0\u00a0\u00a0 05\u00a0\u00a0\u00a0 2018<\/strong><\/p>\n<p>&nbsp;<\/td>\n<td width=\"76\">19 h 00<\/td>\n<td width=\"179\">Quito Museo Camilo Egas<\/td>\n<td width=\"255\">&nbsp;<\/p>\n<p>Muestra Internacional y Conciertos<\/td>\n<\/tr>\n<tr>\n<td width=\"132\"><strong>Jueves<\/strong><\/p>\n<p><strong>17\u00a0\u00a0\u00a0 05\u00a0\u00a0\u00a0 2018<\/strong><\/p>\n<p>&nbsp;<\/td>\n<td width=\"76\">19 h 00<\/td>\n<td width=\"179\">Ca\u00f1ar Coliseo<\/td>\n<td width=\"255\">&nbsp;<\/p>\n<p>Muestra Internacional y Conciertos<\/td>\n<\/tr>\n<tr>\n<td width=\"132\"><strong>Mi\u00e9rcoles<\/strong><\/p>\n<p><strong>23\u00a0\u00a0\u00a0 05\u00a0\u00a0\u00a0 2018<\/strong><\/p>\n<p><strong>\u00a0<\/strong><\/td>\n<td width=\"76\">&nbsp;<\/p>\n<p>19 h 00<\/td>\n<td width=\"179\">Cuenca Puente Roto<\/td>\n<td width=\"255\">&nbsp;<\/p>\n<p>Muestra Internacional y Conciertos<\/td>\n<\/tr>\n<tr>\n<td width=\"132\"><strong>\u00a0\u00a0\u00a0\u00a0\u00a0\u00a0\u00a0\u00a0\u00a0\u00a0\u00a0 Viernes<\/strong><\/p>\n<p><strong>22\u00a0\u00a0 06\u00a0\u00a0 2018<\/strong><\/p>\n<p><strong>\u00a0<\/strong><\/td>\n<td width=\"76\">&nbsp;<\/p>\n<p>19 h 00<\/td>\n<td width=\"179\">Quito Museo de la Medicina<\/td>\n<td width=\"255\">&nbsp;<\/p>\n<p>Muestra Internacional y Conciertos<\/td>\n<\/tr>\n<tr>\n<td width=\"132\"><strong>Viernes<\/strong><\/p>\n<p><strong>29\u00a0\u00a0\u00a0 06\u00a0\u00a0\u00a0 2018<\/strong><\/p>\n<p>&nbsp;<\/td>\n<td width=\"76\">19 h 00<\/td>\n<td width=\"179\">Quito Museo de la Medicina<\/p>\n<p>&nbsp;<\/td>\n<td width=\"255\">Concierto, Brindis, entrega de Menciones Honorificas y Clausura de la Segunda Cumbre Mundial.<\/td>\n<\/tr>\n<\/tbody>\n<\/table>\n<p>&nbsp;<\/p>\n","protected":false},"excerpt":{"rendered":"<p>SEGUNDA CUMBRE MUNDIAL DE LAS ARTES POR LA PAZ Y VIDA 2018 FECHA HORA LUGAR ACTIVIDAD Jueves 22\u00a0\u00a0\u00a0 02\u00a0\u00a0\u00a0 2018<\/p>\n","protected":false},"author":1,"featured_media":0,"comment_status":"closed","ping_status":"closed","sticky":false,"template":"","format":"standard","meta":{"footnotes":""},"categories":[1],"tags":[],"_links":{"self":[{"href":"https:\/\/www.ecuadoraldia.com.ec\/index.php?rest_route=\/wp\/v2\/posts\/16262"}],"collection":[{"href":"https:\/\/www.ecuadoraldia.com.ec\/index.php?rest_route=\/wp\/v2\/posts"}],"about":[{"href":"https:\/\/www.ecuadoraldia.com.ec\/index.php?rest_route=\/wp\/v2\/types\/post"}],"author":[{"embeddable":true,"href":"https:\/\/www.ecuadoraldia.com.ec\/index.php?rest_route=\/wp\/v2\/users\/1"}],"replies":[{"embeddable":true,"href":"https:\/\/www.ecuadoraldia.com.ec\/index.php?rest_route=%2Fwp%2Fv2%2Fcomments&post=16262"}],"version-history":[{"count":1,"href":"https:\/\/www.ecuadoraldia.com.ec\/index.php?rest_route=\/wp\/v2\/posts\/16262\/revisions"}],"predecessor-version":[{"id":16263,"href":"https:\/\/www.ecuadoraldia.com.ec\/index.php?rest_route=\/wp\/v2\/posts\/16262\/revisions\/16263"}],"wp:attachment":[{"href":"https:\/\/www.ecuadoraldia.com.ec\/index.php?rest_route=%2Fwp%2Fv2%2Fmedia&parent=16262"}],"wp:term":[{"taxonomy":"category","embeddable":true,"href":"https:\/\/www.ecuadoraldia.com.ec\/index.php?rest_route=%2Fwp%2Fv2%2Fcategories&post=16262"},{"taxonomy":"post_tag","embeddable":true,"href":"https:\/\/www.ecuadoraldia.com.ec\/index.php?rest_route=%2Fwp%2Fv2%2Ftags&post=16262"}],"curies":[{"name":"wp","href":"https:\/\/api.w.org\/{rel}","templated":true}]}}