{"id":16276,"date":"2018-02-16T13:52:12","date_gmt":"2018-02-16T18:52:12","guid":{"rendered":"http:\/\/www.ecuadoraldia.com.ec\/?p=16276"},"modified":"2018-02-16T13:52:12","modified_gmt":"2018-02-16T18:52:12","slug":"fiscal-subrogante-pide-que-le-dejen-cumplir-su-trabajo","status":"publish","type":"post","link":"https:\/\/www.ecuadoraldia.com.ec\/?p=16276","title":{"rendered":"Fiscal subrogante pide que le dejen cumplir su trabajo"},"content":{"rendered":"<p><a href=\"http:\/\/www.ecuadoraldia.com.ec\/wp-content\/uploads\/2018\/02\/THANIA-MORENO.jpg\"><img loading=\"lazy\" decoding=\"async\" class=\"alignleft size-medium wp-image-16277\" src=\"http:\/\/www.ecuadoraldia.com.ec\/wp-content\/uploads\/2018\/02\/THANIA-MORENO-300x174.jpg\" alt=\"\" width=\"300\" height=\"174\" srcset=\"https:\/\/www.ecuadoraldia.com.ec\/wp-content\/uploads\/2018\/02\/THANIA-MORENO-300x174.jpg 300w, https:\/\/www.ecuadoraldia.com.ec\/wp-content\/uploads\/2018\/02\/THANIA-MORENO-768x445.jpg 768w, https:\/\/www.ecuadoraldia.com.ec\/wp-content\/uploads\/2018\/02\/THANIA-MORENO.jpg 927w\" sizes=\"(max-width: 300px) 100vw, 300px\" \/><\/a><\/p>\n<p>La fiscal subrogante Thania Moreno asegur\u00f3 estar \u00abpreocupada\u00bb por los recientes cambios de su personal jur\u00eddico y del equipo policial que le apoyaba en las investigaciones penales.<\/p>\n<p>\u00abEstoy sin apoyo jur\u00eddico y policial. Pido que me dejen cumplir con mi trabajo\u00bb, denunci\u00f3 Moreno.<\/p>\n<p>Moreno asegur\u00f3 que los cambios en su equipo se registraron a ra\u00edz de que activ\u00f3 una investigaci\u00f3n penal en contra del fiscal general Carlos Baca Mancheno, el 16 de enero del 2018, por posible peculado cuando presidi\u00f3 la Comisi\u00f3n que investig\u00f3 los hechos del 30 de septiembre del 2010, por delegaci\u00f3n del entonces presidente Rafael Correa.<\/p>\n<p>&nbsp;<\/p>\n","protected":false},"excerpt":{"rendered":"<p>La fiscal subrogante Thania Moreno asegur\u00f3 estar \u00abpreocupada\u00bb por los recientes cambios de su personal jur\u00eddico y del equipo policial<\/p>\n","protected":false},"author":1,"featured_media":16277,"comment_status":"closed","ping_status":"closed","sticky":false,"template":"","format":"standard","meta":{"footnotes":""},"categories":[5],"tags":[],"_links":{"self":[{"href":"https:\/\/www.ecuadoraldia.com.ec\/index.php?rest_route=\/wp\/v2\/posts\/16276"}],"collection":[{"href":"https:\/\/www.ecuadoraldia.com.ec\/index.php?rest_route=\/wp\/v2\/posts"}],"about":[{"href":"https:\/\/www.ecuadoraldia.com.ec\/index.php?rest_route=\/wp\/v2\/types\/post"}],"author":[{"embeddable":true,"href":"https:\/\/www.ecuadoraldia.com.ec\/index.php?rest_route=\/wp\/v2\/users\/1"}],"replies":[{"embeddable":true,"href":"https:\/\/www.ecuadoraldia.com.ec\/index.php?rest_route=%2Fwp%2Fv2%2Fcomments&post=16276"}],"version-history":[{"count":1,"href":"https:\/\/www.ecuadoraldia.com.ec\/index.php?rest_route=\/wp\/v2\/posts\/16276\/revisions"}],"predecessor-version":[{"id":16278,"href":"https:\/\/www.ecuadoraldia.com.ec\/index.php?rest_route=\/wp\/v2\/posts\/16276\/revisions\/16278"}],"wp:featuredmedia":[{"embeddable":true,"href":"https:\/\/www.ecuadoraldia.com.ec\/index.php?rest_route=\/wp\/v2\/media\/16277"}],"wp:attachment":[{"href":"https:\/\/www.ecuadoraldia.com.ec\/index.php?rest_route=%2Fwp%2Fv2%2Fmedia&parent=16276"}],"wp:term":[{"taxonomy":"category","embeddable":true,"href":"https:\/\/www.ecuadoraldia.com.ec\/index.php?rest_route=%2Fwp%2Fv2%2Fcategories&post=16276"},{"taxonomy":"post_tag","embeddable":true,"href":"https:\/\/www.ecuadoraldia.com.ec\/index.php?rest_route=%2Fwp%2Fv2%2Ftags&post=16276"}],"curies":[{"name":"wp","href":"https:\/\/api.w.org\/{rel}","templated":true}]}}