{"id":16287,"date":"2018-02-23T14:39:46","date_gmt":"2018-02-23T19:39:46","guid":{"rendered":"http:\/\/www.ecuadoraldia.com.ec\/?p=16287"},"modified":"2018-02-23T14:39:46","modified_gmt":"2018-02-23T19:39:46","slug":"ochoa-presento-pruebas-de-descargo-en-la-comision-de-fiscalizacion","status":"publish","type":"post","link":"https:\/\/www.ecuadoraldia.com.ec\/?p=16287","title":{"rendered":"Ochoa present\u00f3 pruebas de descargo en la Comisi\u00f3n de Fiscalizaci\u00f3n"},"content":{"rendered":"<p><a href=\"http:\/\/www.ecuadoraldia.com.ec\/wp-content\/uploads\/2018\/02\/oho.jpg\"><img loading=\"lazy\" decoding=\"async\" class=\"alignleft size-medium wp-image-16288\" src=\"http:\/\/www.ecuadoraldia.com.ec\/wp-content\/uploads\/2018\/02\/oho-300x169.jpg\" alt=\"\" width=\"300\" height=\"169\" srcset=\"https:\/\/www.ecuadoraldia.com.ec\/wp-content\/uploads\/2018\/02\/oho-300x169.jpg 300w, https:\/\/www.ecuadoraldia.com.ec\/wp-content\/uploads\/2018\/02\/oho.jpg 762w\" sizes=\"(max-width: 300px) 100vw, 300px\" \/><\/a><\/p>\n<p>El superintendente de la Informaci\u00f3n y Comunicaci\u00f3n Carlos Ochoa, lleg\u00f3 20 minutos antes de las 10h00 a la Asamblea, para exponer ante la Comisi\u00f3n de Fiscalizaci\u00f3n sus argumentos de descargo frente a un proceso de juicio pol\u00edtico que se tramita en su contra, planteado por legisladores de CREO. En su explicaci\u00f3n Ochoa dio detalles de\u00a0 varias cifras de lo actuado al frente de la instituci\u00f3n. Dijo que el monto recaudado por sanciones a medios de comunicaci\u00f3n por infringir la Ley es de $ 754.690.<\/p>\n<p>Dentro de los oficios presentados a la Comisi\u00f3n, la asamble\u00edsta Jeanine Cruz pidi\u00f3 se incorpore un caso m\u00e1s como prueba, lo que fue negado por la mesa por ser extempor\u00e1neo. Mientras, con 9 votos a favor, la Comisi\u00f3n aprob\u00f3 la solicitud del titular de la Supercom para que se reciba a \u00d3scar Armas y Diane Rodr\u00edguez.<\/p>\n<p>Seg\u00fan dijo la asamble\u00edsta Mar\u00eda Jos\u00e9 Carri\u00f3n, esto permitir\u00eda tener igualdad procesal para que as\u00ed como se recibi\u00f3 a personas propuestas por los legisladores Martha Rold\u00f3s, Luis Balde\u00f3n, Aurelio D\u00e1vila y Ramiro Garc\u00eda, tambi\u00e9n se reciba a personas propuestas por el superintendente. \u00d3scar Armas fue el primero en exponer la auditor\u00eda radial que realiz\u00f3 por el transcurso de 2 a\u00f1os.<\/p>\n<p>\u00c9l interpuso demandas a Radio F\u00fatbol FM ante la Supercom, las cuales generaron sanciones a los radiodifusores implicados. De su lado, Diane Rodr\u00edguez denunci\u00f3 c\u00f3mo se han vulnerado sus derechos y los de la poblaci\u00f3n GLBTI. Argument\u00f3 que es a partir de la Ley de Comunicaci\u00f3n que pudo denunciar casos de mal uso de imagen de este sector.<\/p>\n<p>En su intervenci\u00f3n, Ochoa recalc\u00f3 que \u00ablos medios no representan a las mayor\u00edas (pueblo) sino que, actualmente, la mayor\u00eda de medios obedece o conduce el criterio de las mayor\u00edas para privilegiar pol\u00edticas econ\u00f3micas excluyentes\u00bb. En ese sentido, explic\u00f3 que hay una gran diferencia entre regular medios de comunicaci\u00f3n y regular cualquier otro tipo de empresa. \u00abLos medios tienen un impacto social y cultural que no tiene otro tipo de empresa\u00bb, apunt\u00f3.<\/p>\n<p>Tambi\u00e9n indic\u00f3 que no se plantea a la regulaci\u00f3n como una limitaci\u00f3n a los medios, \u00abla planteamos como una defensa a la libertad de expresi\u00f3n de los ciudadanos y de las comunidades\u00bb. Acto seguido, el funcionario expuso varias cifras, entre ellas, que la mayor\u00eda de denuncias recibidas por la Supercom est\u00e1 representada por ciudadanos (346). Tambi\u00e9n se registra 11 de la Funci\u00f3n Legislativa. Y mencion\u00f3 a legisladores que defendieron su derecho a la r\u00e9plica o rectificaci\u00f3n.<\/p>\n<p>Dijo que el total de medios sancionados ha sido 364 (31%) en relaci\u00f3n al universo de medios registrados (1.161). Mientras, que el total de procedimientos administrativos sustanciados a nivel nacional es de 1.158. De ellos, los iniciados por denuncia (609) y por oficio (549). Sobre el estado de los procedimientos administrativos, Ochoa explic\u00f3 que los sancionados son 702, los archivados 309, los desechados 122 y 23 en tr\u00e1mite.<br \/>\nManifest\u00f3 que la aplicaci\u00f3n de la LOC al 2018, deja el 94% de reducci\u00f3n en contenidos que infringen la norma deontol\u00f3gica y 85% en la extensi\u00f3n de tiempo permitido para publicidad. Adem\u00e1s, 95% en reducci\u00f3n de contenidos no aptos para franja familiar; 54% en contenidos violentos; 67% en contenidos discriminatorios y 53% en contenidos identificados. Sobre los pedidos ciudadanos de intervenci\u00f3n de la Supercom, Ochoa detall\u00f3 que 856 fueron de r\u00e9plicas y 1.122 de rectificaciones.<\/p>\n<p>El monto recaudado por sanciones, seg\u00fan un cuadro mostrado por el superintendente, es de $ 754.690 en comparaci\u00f3n con los activos de los medios que alcanza $ 513&#8242; 005.024. De all\u00ed que rechaz\u00f3 que se registraran quiebras econ\u00f3micas de medios de comunicaci\u00f3n por sanciones impuestas por la Supercom. El Superintendente tambi\u00e9n rechaz\u00f3 las declaraciones de la asamble\u00edsta Lourdes Cuesta en la Comisi\u00f3n de Fiscalizaci\u00f3n.<br \/>\nEn ella asegur\u00f3 que no hubo concurso p\u00fablico para las leyes de bolsillo de la LOC. La comparecencia de Ochoa se produce, luego de que los asamble\u00edstas Lourdes Cuesta y Fabricio Villamar, como solicitantes del juicio pol\u00edtico, presentaron las pruebas que sustentan sus afirmaciones sobre supuesto incumplimiento de funciones. Al superintendente se lo acusa, entre otras cosas, de haber abusado de la Ley de Comunicaci\u00f3n, arrogarse ciertas facultades que esta no le daba y haber modificado un art\u00edculo de la Ley Org\u00e1nica de Comunicaci\u00f3n.<\/p>\n<p>&nbsp;<\/p>\n<p>&nbsp;<\/p>\n","protected":false},"excerpt":{"rendered":"<p>El superintendente de la Informaci\u00f3n y Comunicaci\u00f3n Carlos Ochoa, lleg\u00f3 20 minutos antes de las 10h00 a la Asamblea, para<\/p>\n","protected":false},"author":1,"featured_media":16288,"comment_status":"closed","ping_status":"closed","sticky":false,"template":"","format":"standard","meta":{"footnotes":""},"categories":[1],"tags":[],"_links":{"self":[{"href":"https:\/\/www.ecuadoraldia.com.ec\/index.php?rest_route=\/wp\/v2\/posts\/16287"}],"collection":[{"href":"https:\/\/www.ecuadoraldia.com.ec\/index.php?rest_route=\/wp\/v2\/posts"}],"about":[{"href":"https:\/\/www.ecuadoraldia.com.ec\/index.php?rest_route=\/wp\/v2\/types\/post"}],"author":[{"embeddable":true,"href":"https:\/\/www.ecuadoraldia.com.ec\/index.php?rest_route=\/wp\/v2\/users\/1"}],"replies":[{"embeddable":true,"href":"https:\/\/www.ecuadoraldia.com.ec\/index.php?rest_route=%2Fwp%2Fv2%2Fcomments&post=16287"}],"version-history":[{"count":1,"href":"https:\/\/www.ecuadoraldia.com.ec\/index.php?rest_route=\/wp\/v2\/posts\/16287\/revisions"}],"predecessor-version":[{"id":16289,"href":"https:\/\/www.ecuadoraldia.com.ec\/index.php?rest_route=\/wp\/v2\/posts\/16287\/revisions\/16289"}],"wp:featuredmedia":[{"embeddable":true,"href":"https:\/\/www.ecuadoraldia.com.ec\/index.php?rest_route=\/wp\/v2\/media\/16288"}],"wp:attachment":[{"href":"https:\/\/www.ecuadoraldia.com.ec\/index.php?rest_route=%2Fwp%2Fv2%2Fmedia&parent=16287"}],"wp:term":[{"taxonomy":"category","embeddable":true,"href":"https:\/\/www.ecuadoraldia.com.ec\/index.php?rest_route=%2Fwp%2Fv2%2Fcategories&post=16287"},{"taxonomy":"post_tag","embeddable":true,"href":"https:\/\/www.ecuadoraldia.com.ec\/index.php?rest_route=%2Fwp%2Fv2%2Ftags&post=16287"}],"curies":[{"name":"wp","href":"https:\/\/api.w.org\/{rel}","templated":true}]}}