{"id":16350,"date":"2018-03-22T17:22:03","date_gmt":"2018-03-22T22:22:03","guid":{"rendered":"http:\/\/www.ecuadoraldia.com.ec\/?p=16350"},"modified":"2018-03-24T16:48:22","modified_gmt":"2018-03-24T21:48:22","slug":"transportistas-analizaron-en-babahoyo-problematica-del-sector","status":"publish","type":"post","link":"https:\/\/www.ecuadoraldia.com.ec\/?p=16350","title":{"rendered":"Transportistas analizaron en Babahoyo Problem\u00e1tica del sector"},"content":{"rendered":"<p><a href=\"http:\/\/www.ecuadoraldia.com.ec\/wp-content\/uploads\/2018\/03\/21-03-18.jpg\"><img loading=\"lazy\" decoding=\"async\" class=\"size-medium wp-image-16351\" src=\"http:\/\/www.ecuadoraldia.com.ec\/wp-content\/uploads\/2018\/03\/21-03-18-300x199.jpg\" alt=\"\" width=\"300\" height=\"199\" srcset=\"https:\/\/www.ecuadoraldia.com.ec\/wp-content\/uploads\/2018\/03\/21-03-18-300x199.jpg 300w, https:\/\/www.ecuadoraldia.com.ec\/wp-content\/uploads\/2018\/03\/21-03-18-768x511.jpg 768w, https:\/\/www.ecuadoraldia.com.ec\/wp-content\/uploads\/2018\/03\/21-03-18.jpg 782w\" sizes=\"(max-width: 300px) 100vw, 300px\" \/><\/a><\/p>\n<p>Babahoyo los R\u00edos, mi\u00e9rcoles 21 de marzo de 2018. Con el prop\u00f3sito de informar a sus bases los avances de las conversaciones con el gobierno luego de la suspensi\u00f3n de actividades del 27 de febrero.<\/p>\n<p>Los Presidentes y Gerentes de todas las operadoras filiales de GENACOTIP, fueron convocados a una reuni\u00f3n en Babahoyo Provincia de Los R\u00edos, para que conozcan de sus m\u00e1ximos dirigentes el estado de los tr\u00e1mites para el pago de los 79 millones que el gobierno adeuda a la transportaci\u00f3n p\u00fablica de Pasajeros por concepto del bono de subsidio por el medio pasaje que se cobra a los grupos vulnerables, adultos mayores, discapacitados, estudiantes\u00a0 y menores de edad.<\/p>\n<p>Adem\u00e1s de otros temas como: las Reformas a la Ley de tr\u00e1nsito, Cootad, control a la\u00a0 informalidad e ilegalidad. As\u00ed como la aprobaci\u00f3n de los informes de gesti\u00f3n de Presidencia, Gerencia, auditor\u00edas interna y externa y del consejo de vigilancia.<\/p>\n<p>El Presidente de Fenacotip, abogado Abel G\u00f3mez, tras hacer una evaluaci\u00f3n de la jornada de suspensi\u00f3n del servicio, que tuvo un respaldo mayoritario de las operadoras, abri\u00f3 un espacio para escuchar las propuestas del subdirector ejecutivo de la Agencia Nacional de Tr\u00e1nsito Lu\u00eds Valenzuela, respecto de c\u00f3mo el gobierno va a cumplir esas obligaciones pendientes.<\/p>\n<p>El funcionario dijo que se deben cumplir ciertos requisitos y protocolos que determina la Ley, por lo que consider\u00f3 la necesidad de crear una Comisi\u00f3n bipartita de revisi\u00f3n para tratar el tema, sin mencionar una cifra para iniciar los pagos. Respecto del control a la ilegalidad e informalidad, expres\u00f3 que es necesario identificar las zonas conflictivas para proceder a la toma de medidas.<\/p>\n<p><a href=\"http:\/\/www.ecuadoraldia.com.ec\/wp-content\/uploads\/2018\/03\/DSC_0072.jpg\"><img loading=\"lazy\" decoding=\"async\" class=\"size-medium wp-image-16352\" src=\"http:\/\/www.ecuadoraldia.com.ec\/wp-content\/uploads\/2018\/03\/DSC_0072-300x172.jpg\" alt=\"\" width=\"300\" height=\"172\" srcset=\"https:\/\/www.ecuadoraldia.com.ec\/wp-content\/uploads\/2018\/03\/DSC_0072-300x172.jpg 300w, https:\/\/www.ecuadoraldia.com.ec\/wp-content\/uploads\/2018\/03\/DSC_0072.jpg 758w\" sizes=\"(max-width: 300px) 100vw, 300px\" \/><\/a><\/p>\n<p>En esta primera Asamblea Ordinaria del per\u00edodo 2017 \u2013 2021, G\u00f3mez \u00a0hizo algunas puntualizaciones sobre ciertas cr\u00edticas vertidas por los dirigentes Jos\u00e9 Zapata y Miguel Anchundia de las Uniones de cooperativas de Guayas y los R\u00edos, sobre el trabajo que viene desarrollando Federaci\u00f3n luego de las elecciones de noviembre de 2017 en Chone Manab\u00ed.<\/p>\n<p>Hubo varias intervenciones\u00a0 en las que se destac\u00f3 el trabajo realizado por la actual Presidencia de FENACOTIP, as\u00ed como tambi\u00e9n quienes consideraron que poco o nada se est\u00e1 haciendo para resolver la problem\u00e1tica de la transportaci\u00f3n. El Propio zapata, incluso hablo de una feria de frecuencias a las operadoras de Manab\u00ed, sin mencionar que \u201cFlota Bol\u00edvar\u201d de la Cual es presidente tambi\u00e9n se benefici\u00f3 con la ampliaci\u00f3n de cupos hacia esa provincia.<\/p>\n<p>En redes sociales se dicen muchas cosas. Lo malo es que mucha gente cree que es verdad todo lo que se publica y se hace eco de esos comentarios negativos. A tal punto que el Vicepresidente de FENACOTIP ingeniero Giomar Gruezo, quien estuvo encargado de la Presidencia durante la medida del 27 de febrero, tuvo que desmentir ante los presentes falsos rumores de que su unidad no pleg\u00f3 al paro preventivo en Esmeraldas.<\/p>\n<p>Es evidente el resentimiento que existe por parte de algunos dirigentes que en vez de apoyar la gesti\u00f3n que hace Federaci\u00f3n ante el Gobierno, se dedican a lanzar comentarios negativos, sin considerar que el beneficio es para toda la transportaci\u00f3n.<\/p>\n<p>Como siempre zapata, lanza sus acusaciones sin fundamentos y abandona la reuni\u00f3n; para no escuchas los descargos. Incluso se molest\u00f3 cuando se la dio el uso de la palabra al Presidente de la Cooperativa Flota Babahoyo Interprovincial FBI Julio Curay. Muchos se preguntaron acerca de por qu\u00e9 ten\u00edan \u00a0que o\u00edrlo expresar\u00a0 su postura mientras que \u00e9l no se qued\u00f3 a escuchas todo lo que le ten\u00edan que decirle.<\/p>\n<p>Sin embargo zapata dej\u00f3 abierta la posibilidad de reunirse en los pr\u00f3ximos d\u00edas para insistir ante el gobierno por los temas que requieren soluci\u00f3n urgente y mantener la unidad da la transportaci\u00f3n.<\/p>\n<p>Posteriormente se plante\u00f3 la necesidad de convocar a una Convenci\u00f3n Nacional en la que sus las bases deber\u00e1n definir futuras acciones a tomar si el gobierno incumple sus ofrecimientos.<\/p>\n<p>Cabe destacar que la transportaci\u00f3n en todas sus modalidades constituyen el principal motor de desarrollo del Pa\u00eds, \u00a0por tanto el gobierno debe tener en cuenta la p\u00e9rdida que le significar\u00eda al Estado una paralizaci\u00f3n a futuro.<\/p>\n<p>&nbsp;<\/p>\n","protected":false},"excerpt":{"rendered":"<p>Babahoyo los R\u00edos, mi\u00e9rcoles 21 de marzo de 2018. Con el prop\u00f3sito de informar a sus bases los avances de<\/p>\n","protected":false},"author":1,"featured_media":16351,"comment_status":"closed","ping_status":"closed","sticky":false,"template":"","format":"standard","meta":{"footnotes":""},"categories":[1],"tags":[46],"_links":{"self":[{"href":"https:\/\/www.ecuadoraldia.com.ec\/index.php?rest_route=\/wp\/v2\/posts\/16350"}],"collection":[{"href":"https:\/\/www.ecuadoraldia.com.ec\/index.php?rest_route=\/wp\/v2\/posts"}],"about":[{"href":"https:\/\/www.ecuadoraldia.com.ec\/index.php?rest_route=\/wp\/v2\/types\/post"}],"author":[{"embeddable":true,"href":"https:\/\/www.ecuadoraldia.com.ec\/index.php?rest_route=\/wp\/v2\/users\/1"}],"replies":[{"embeddable":true,"href":"https:\/\/www.ecuadoraldia.com.ec\/index.php?rest_route=%2Fwp%2Fv2%2Fcomments&post=16350"}],"version-history":[{"count":4,"href":"https:\/\/www.ecuadoraldia.com.ec\/index.php?rest_route=\/wp\/v2\/posts\/16350\/revisions"}],"predecessor-version":[{"id":16357,"href":"https:\/\/www.ecuadoraldia.com.ec\/index.php?rest_route=\/wp\/v2\/posts\/16350\/revisions\/16357"}],"wp:featuredmedia":[{"embeddable":true,"href":"https:\/\/www.ecuadoraldia.com.ec\/index.php?rest_route=\/wp\/v2\/media\/16351"}],"wp:attachment":[{"href":"https:\/\/www.ecuadoraldia.com.ec\/index.php?rest_route=%2Fwp%2Fv2%2Fmedia&parent=16350"}],"wp:term":[{"taxonomy":"category","embeddable":true,"href":"https:\/\/www.ecuadoraldia.com.ec\/index.php?rest_route=%2Fwp%2Fv2%2Fcategories&post=16350"},{"taxonomy":"post_tag","embeddable":true,"href":"https:\/\/www.ecuadoraldia.com.ec\/index.php?rest_route=%2Fwp%2Fv2%2Ftags&post=16350"}],"curies":[{"name":"wp","href":"https:\/\/api.w.org\/{rel}","templated":true}]}}