{"id":16420,"date":"2018-04-15T13:52:43","date_gmt":"2018-04-15T18:52:43","guid":{"rendered":"http:\/\/www.ecuadoraldia.com.ec\/?p=16420"},"modified":"2018-04-15T13:52:43","modified_gmt":"2018-04-15T18:52:43","slug":"gobierno-aclara-sobre-asesinato-de-periodistas","status":"publish","type":"post","link":"https:\/\/www.ecuadoraldia.com.ec\/?p=16420","title":{"rendered":"Gobierno aclara sobre asesinato de periodistas"},"content":{"rendered":"<p><a href=\"http:\/\/www.ecuadoraldia.com.ec\/wp-content\/uploads\/2018\/04\/ecu-hoy.jpg\"><img loading=\"lazy\" decoding=\"async\" class=\"alignleft size-medium wp-image-16421\" src=\"http:\/\/www.ecuadoraldia.com.ec\/wp-content\/uploads\/2018\/04\/ecu-hoy-300x200.jpg\" alt=\"\" width=\"300\" height=\"200\" srcset=\"https:\/\/www.ecuadoraldia.com.ec\/wp-content\/uploads\/2018\/04\/ecu-hoy-300x200.jpg 300w, https:\/\/www.ecuadoraldia.com.ec\/wp-content\/uploads\/2018\/04\/ecu-hoy-768x512.jpg 768w, https:\/\/www.ecuadoraldia.com.ec\/wp-content\/uploads\/2018\/04\/ecu-hoy-1024x683.jpg 1024w, https:\/\/www.ecuadoraldia.com.ec\/wp-content\/uploads\/2018\/04\/ecu-hoy.jpg 1200w\" sizes=\"(max-width: 300px) 100vw, 300px\" \/><\/a><\/p>\n<p>Quito, domingo 15 de abril de 2018. Las autoridades del gobierno nacional, se pronunciaron hoy respecto de la situaci\u00f3n en la frontera norte y las acciones para la liberaci\u00f3n de los tres trabajadores de Diario El Comercio.<\/p>\n<p>El Ministro del interior \u00a0C\u00e9sar Navas, reiter\u00f3 que \u00a0\u201cNunca hubo la voluntad de este grupo liderado por alias Guacho de llegar a una negociaci\u00f3n\u201d.<\/p>\n<p>\u201cSon momentos dif\u00edciles por las que pasa el pa\u00eds. Hoy m\u00e1s que nunca debemos estar unidos como sociedad para enfrentar una problem\u00e1tica que no nace en Ecuador, pero si nos afecta\u201d. Dijo.<\/p>\n<p>El Ministro junto al Jefe del Comando Conjunto de Fuerzas Armadas Tntgral. C\u00e9sar Merizalde y el Comandante de la Polic\u00eda, Gral. Ramiro Mantilla, informaron hoy en el ECU 9 1 1 acerca de los \u00a0operativos realizado en la frontera norte tras la confirmaci\u00f3n del asesinato del equipo period\u00edstico del secuestrados por un grupo disidente de las FARC.<\/p>\n<p>A siete de los nueve retenidos la ma\u00f1ana del viernes 13 de abril, en la poblaci\u00f3n fronteriza de Mataje, se les dict\u00f3 ayer prisi\u00f3n preventiva por el presunto delito de tenencia ilegal de municiones.<\/p>\n<p>Navas recalc\u00f3 el uso de 500 uniformados entre Fuerzas Armadas y Polic\u00edas, como tambi\u00e9n equipos como veh\u00edculos blindados, helic\u00f3pteros y canes antiexplosivos. Adem\u00e1s de las nueve personas retenidas en primera instancia, se decomisaron tres escopetas de fabricaci\u00f3n artesanal, una c\u00e1mara giratoria, seis tel\u00e9fonos celulares y 72 cartuchos calibre 50. En la incursi\u00f3n militar en la poblaci\u00f3n de Mataje, se allanaron 91 inmuebles.<\/p>\n<p>El Comandante de la Polic\u00eda, Ramiro Mantilla, confirm\u00f3 la detenci\u00f3n de 43 personas vinculadas al grupo terrorista liderado por alias \u2018Guacho\u2019, quienes tendr\u00edan responsabilidad en la colocaci\u00f3n de explosivos en San Lorenza, Viche y Mataje, zona en las que murieron al menos cuatro uniformados pertenecientes a la marina y el ej\u00e9rcito.<\/p>\n<p>Entre los detenidos est\u00e1n expertos en explosivos, seguridad de la organizaci\u00f3n de \u2018Guacho\u2019, un sobrino del narcoterrorista, que estaba encargado de la seguridad familia en Mataje, quienes han sido trasladados a las diversas c\u00e1rceles del pa\u00eds.<\/p>\n<p>&nbsp;<\/p>\n<p>&nbsp;<\/p>\n<p>Mantilla precis\u00f3 que con las operaciones policiales y militares se \u201chan afectado a la estructura que ten\u00eda \u2018Guacho\u2019 en Ecuador, en la frontera norte, espec\u00edficamente en Mataje, San Lorenzo\u201d.<\/p>\n<p>\u201cSe ha activado el bloque de b\u00fasqueda de la polic\u00eda, junto a polic\u00eda colombiana, para dar con paradero de Wacho, es decir, tambi\u00e9n tenemos la permanente servicio de seguridad ciudadana en todo el pa\u00eds, se ha reforzado el componente oficial desde el primer evento terrorista, polic\u00edas en seguridad y frontera\u201d, indic\u00f3.<\/p>\n<p>&nbsp;<\/p>\n","protected":false},"excerpt":{"rendered":"<p>Quito, domingo 15 de abril de 2018. Las autoridades del gobierno nacional, se pronunciaron hoy respecto de la situaci\u00f3n en<\/p>\n","protected":false},"author":1,"featured_media":16421,"comment_status":"closed","ping_status":"closed","sticky":false,"template":"","format":"standard","meta":{"footnotes":""},"categories":[1],"tags":[],"_links":{"self":[{"href":"https:\/\/www.ecuadoraldia.com.ec\/index.php?rest_route=\/wp\/v2\/posts\/16420"}],"collection":[{"href":"https:\/\/www.ecuadoraldia.com.ec\/index.php?rest_route=\/wp\/v2\/posts"}],"about":[{"href":"https:\/\/www.ecuadoraldia.com.ec\/index.php?rest_route=\/wp\/v2\/types\/post"}],"author":[{"embeddable":true,"href":"https:\/\/www.ecuadoraldia.com.ec\/index.php?rest_route=\/wp\/v2\/users\/1"}],"replies":[{"embeddable":true,"href":"https:\/\/www.ecuadoraldia.com.ec\/index.php?rest_route=%2Fwp%2Fv2%2Fcomments&post=16420"}],"version-history":[{"count":1,"href":"https:\/\/www.ecuadoraldia.com.ec\/index.php?rest_route=\/wp\/v2\/posts\/16420\/revisions"}],"predecessor-version":[{"id":16422,"href":"https:\/\/www.ecuadoraldia.com.ec\/index.php?rest_route=\/wp\/v2\/posts\/16420\/revisions\/16422"}],"wp:featuredmedia":[{"embeddable":true,"href":"https:\/\/www.ecuadoraldia.com.ec\/index.php?rest_route=\/wp\/v2\/media\/16421"}],"wp:attachment":[{"href":"https:\/\/www.ecuadoraldia.com.ec\/index.php?rest_route=%2Fwp%2Fv2%2Fmedia&parent=16420"}],"wp:term":[{"taxonomy":"category","embeddable":true,"href":"https:\/\/www.ecuadoraldia.com.ec\/index.php?rest_route=%2Fwp%2Fv2%2Fcategories&post=16420"},{"taxonomy":"post_tag","embeddable":true,"href":"https:\/\/www.ecuadoraldia.com.ec\/index.php?rest_route=%2Fwp%2Fv2%2Ftags&post=16420"}],"curies":[{"name":"wp","href":"https:\/\/api.w.org\/{rel}","templated":true}]}}