{"id":16431,"date":"2018-04-16T17:01:57","date_gmt":"2018-04-16T22:01:57","guid":{"rendered":"http:\/\/www.ecuadoraldia.com.ec\/?p=16431"},"modified":"2018-04-16T18:02:21","modified_gmt":"2018-04-16T23:02:21","slug":"moreno-da-10-dias-para-que-guacho-se-entreguen-o-lo-entregue","status":"publish","type":"post","link":"https:\/\/www.ecuadoraldia.com.ec\/?p=16431","title":{"rendered":"Ins\u00f3lito: Moreno da 10 d\u00edas para que \u201cGuacho\u201d se entreguen o lo entregue"},"content":{"rendered":"<p><a href=\"http:\/\/www.ecuadoraldia.com.ec\/wp-content\/uploads\/2018\/04\/563660_1.jpg\"><img loading=\"lazy\" decoding=\"async\" class=\"alignleft size-medium wp-image-16432\" src=\"http:\/\/www.ecuadoraldia.com.ec\/wp-content\/uploads\/2018\/04\/563660_1-300x159.jpg\" alt=\"\" width=\"300\" height=\"159\" srcset=\"https:\/\/www.ecuadoraldia.com.ec\/wp-content\/uploads\/2018\/04\/563660_1-300x159.jpg 300w, https:\/\/www.ecuadoraldia.com.ec\/wp-content\/uploads\/2018\/04\/563660_1-768x407.jpg 768w, https:\/\/www.ecuadoraldia.com.ec\/wp-content\/uploads\/2018\/04\/563660_1-390x205.jpg 390w, https:\/\/www.ecuadoraldia.com.ec\/wp-content\/uploads\/2018\/04\/563660_1.jpg 1000w\" sizes=\"(max-width: 300px) 100vw, 300px\" \/><\/a><\/p>\n<p>MANTA. El presidente de la Rep\u00fablica Len\u00edn Moreno, se\u00f1al\u00f3 que alias \u201cGuacho\u201d ha escogido mal al enemigo y el escenario. Y reiter\u00f3 que nadie va a amedrentar a Ecuador.<br \/>\nEl presidente de la Rep\u00fablica Len\u00edn Moreno tras su visita Manta este lunes 16 de abril\u00a0 insisti\u00f3 en que no se doblegar\u00e1n hasta dar con el paradero de alias \u201cGuacho\u201d, el principal sindicado en el asesinato de 4 militares y 3 periodistas ecuatorianos en la zona de Mataje lim\u00edtrofe con Colombia.<\/p>\n<p>Incluso el jefe de Estado dio nuevamente tiempos para tener una respuesta sobre el paradero del insurgente.<\/p>\n<p>\u201cQue se entregue a la justicia o que caso contrario acompa\u00f1e a nuestros queridos hermanos en su tr\u00e1nsito, pero por supuesto con diferente direcci\u00f3n\u201d, declar\u00f3 Moreno, al dar un plazo de 10 d\u00edas para que se entregue o lo entreguen.<\/p>\n<p>Ratific\u00f3 que no permitir\u00e1 que Ecuador se vea envuelto en una espiral de violencia impulsada por narcotraficantes o asesinos.<\/p>\n<p>\u201cNo vamos a permitir que el terror se instale en nuestra Patria\u201d, declar\u00f3 Moreno esta tarde en la plaza c\u00edvica de Manta.<\/p>\n<p>Mientras tanto en Quito,este lunes 16 de abril se efectu\u00f3 un encuentro ad hoc de responsables de diferentes \u00e1reas de Ecuador y Colombia, para coordinar acciones en la frontera com\u00fan, tras el secuestro y asesinato de un equipo period\u00edstico ecuatoriano.<\/p>\n<p>El l denominado mecanismo de cooperaci\u00f3n 3+2, que incluye a la canciller ecuatoriana, Mar\u00eda Fernanda Espinosa, su hom\u00f3loga colombiana, Mar\u00eda Angela Holgu\u00edn, y los titulares de Defensa de Ecuador, Patricio Zambrano, y el del pa\u00eds vecino, Luis Carlos Villegas, pretende ejecutar acciones para la recuperaci\u00f3n de los restos de los comunicadores a trav\u00e9s de una mediaci\u00f3n de Cruz Roja Internacional.<\/p>\n<p>Pero de \u00faltima hora se conoci\u00f3 que el asesino Al\u00e0s Guacho, se niega a entregar los cad\u00e1veres, aduciendo que hay actividad de control militar en la zona.<\/p>\n<p>(I)<\/p>\n","protected":false},"excerpt":{"rendered":"<p>MANTA. El presidente de la Rep\u00fablica Len\u00edn Moreno, se\u00f1al\u00f3 que alias \u201cGuacho\u201d ha escogido mal al enemigo y el escenario.<\/p>\n","protected":false},"author":1,"featured_media":16432,"comment_status":"closed","ping_status":"closed","sticky":false,"template":"","format":"standard","meta":{"footnotes":""},"categories":[1],"tags":[],"_links":{"self":[{"href":"https:\/\/www.ecuadoraldia.com.ec\/index.php?rest_route=\/wp\/v2\/posts\/16431"}],"collection":[{"href":"https:\/\/www.ecuadoraldia.com.ec\/index.php?rest_route=\/wp\/v2\/posts"}],"about":[{"href":"https:\/\/www.ecuadoraldia.com.ec\/index.php?rest_route=\/wp\/v2\/types\/post"}],"author":[{"embeddable":true,"href":"https:\/\/www.ecuadoraldia.com.ec\/index.php?rest_route=\/wp\/v2\/users\/1"}],"replies":[{"embeddable":true,"href":"https:\/\/www.ecuadoraldia.com.ec\/index.php?rest_route=%2Fwp%2Fv2%2Fcomments&post=16431"}],"version-history":[{"count":3,"href":"https:\/\/www.ecuadoraldia.com.ec\/index.php?rest_route=\/wp\/v2\/posts\/16431\/revisions"}],"predecessor-version":[{"id":16435,"href":"https:\/\/www.ecuadoraldia.com.ec\/index.php?rest_route=\/wp\/v2\/posts\/16431\/revisions\/16435"}],"wp:featuredmedia":[{"embeddable":true,"href":"https:\/\/www.ecuadoraldia.com.ec\/index.php?rest_route=\/wp\/v2\/media\/16432"}],"wp:attachment":[{"href":"https:\/\/www.ecuadoraldia.com.ec\/index.php?rest_route=%2Fwp%2Fv2%2Fmedia&parent=16431"}],"wp:term":[{"taxonomy":"category","embeddable":true,"href":"https:\/\/www.ecuadoraldia.com.ec\/index.php?rest_route=%2Fwp%2Fv2%2Fcategories&post=16431"},{"taxonomy":"post_tag","embeddable":true,"href":"https:\/\/www.ecuadoraldia.com.ec\/index.php?rest_route=%2Fwp%2Fv2%2Ftags&post=16431"}],"curies":[{"name":"wp","href":"https:\/\/api.w.org\/{rel}","templated":true}]}}