{"id":16510,"date":"2018-05-09T13:14:57","date_gmt":"2018-05-09T18:14:57","guid":{"rendered":"http:\/\/www.ecuadoraldia.com.ec\/?p=16510"},"modified":"2018-05-09T13:21:22","modified_gmt":"2018-05-09T18:21:22","slug":"roque-moreira-es-el-nuevo-comandante-del-ejercito","status":"publish","type":"post","link":"https:\/\/www.ecuadoraldia.com.ec\/?p=16510","title":{"rendered":"El general de divisi\u00f3n Roque Moreira es el nuevo comandante del Ej\u00e9rcito"},"content":{"rendered":"<p><a href=\"http:\/\/www.ecuadoraldia.com.ec\/wp-content\/uploads\/2018\/05\/roque.jpg\"><\/a><a href=\"http:\/\/www.ecuadoraldia.com.ec\/wp-content\/uploads\/2018\/05\/roque-1.jpg\"><img loading=\"lazy\" decoding=\"async\" class=\"alignleft size-medium wp-image-16516\" src=\"http:\/\/www.ecuadoraldia.com.ec\/wp-content\/uploads\/2018\/05\/roque-1-300x198.jpg\" alt=\"\" width=\"300\" height=\"198\" srcset=\"https:\/\/www.ecuadoraldia.com.ec\/wp-content\/uploads\/2018\/05\/roque-1-300x198.jpg 300w, https:\/\/www.ecuadoraldia.com.ec\/wp-content\/uploads\/2018\/05\/roque-1.jpg 496w\" sizes=\"(max-width: 300px) 100vw, 300px\" \/><\/a><\/p>\n<p>Redacci\u00f3n Web &#8211; 09 de mayo de 2018 &#8211; A trav\u00e9s del Decreto Ejecutivo N.-390, el presidente de la Rep\u00fablica, Len\u00edn Moreno, cesa en el ejercicio de sus funciones como comandante general del Ej\u00e9rcito al general de Divisi\u00f3n \u00c9dison Narv\u00e1ez. Narv\u00e1ez hab\u00eda puesto su cargo -que ostentaba desde marzo de 2017- a disponibilidad del Jefe de Estado, sin dar detalles de su decisi\u00f3n.<\/p>\n<p>En lugar de Narv\u00e1ez, el presidente Moreno designa como nuevo comandante general de la Fuerza Terrestre al general de Divisi\u00f3n Roque Apolinar Moreira Cede\u00f1o. La decisi\u00f3n del Primer Mandatario se sustenta en el art\u00edculo 147 numeral 16 de la Constituci\u00f3n, que establece la facultad del Presidente de la Rep\u00fablica para designar a los integrantes del alto mando militar.<\/p>\n<p>Hoja de vida Moreira Cede\u00f1o se ven\u00eda desempe\u00f1ando como jefe del Estado Mayor y Director de Operaciones del Comando Conjunto de las Fuerzas Armadas. Ha sido Comandante de la Primera Divisi\u00f3n de Ej\u00e9rcito Shyris; Comandante de la Brigada de Fuerzas Especiales 9 Patria. Adem\u00e1s, se desempe\u00f1\u00f3 como rector de la Universidad de las FF.AA. entre el 2013 y el 2017.<\/p>\n<p>El nuevo Comandante del Ej\u00e9rcito naci\u00f3 el 13 de febrero de 1961, en el cant\u00f3n El Carmen, provincia de Manab\u00ed y se gradu\u00f3 de subteniente de Comunicaciones en la Escuela Superior Militar Eloy Alfaro el 9 de agosto de 1981.<\/p>\n<p>Tiene cursos de Paracaidismo, Contrainsurgencia, Comandos, Ingenier\u00eda Electr\u00f3nica, Avanzado de Comunicaciones, Maestro de Salto, Simposio en el exterior de Altos Oficiales Latinoamericanos, Seguridad Social en la Globalizaci\u00f3n, Derechos Humanos, entre otros. Cuenta con un t\u00edtulo de Mag\u00edster en Gerencia de Proyectos Educativos y Sociales; Diplomado Superior en Pol\u00edtica, Seguridad y Democracia; ingeniero en Electr\u00f3nica y licenciado en Ciencias Militares. (Tomado de el Tel\u00e9grafo)<\/p>\n<p>&nbsp;<\/p>\n","protected":false},"excerpt":{"rendered":"<p>Redacci\u00f3n Web &#8211; 09 de mayo de 2018 &#8211; A trav\u00e9s del Decreto Ejecutivo N.-390, el presidente de la Rep\u00fablica,<\/p>\n","protected":false},"author":1,"featured_media":16511,"comment_status":"closed","ping_status":"closed","sticky":false,"template":"","format":"standard","meta":{"footnotes":""},"categories":[1],"tags":[],"_links":{"self":[{"href":"https:\/\/www.ecuadoraldia.com.ec\/index.php?rest_route=\/wp\/v2\/posts\/16510"}],"collection":[{"href":"https:\/\/www.ecuadoraldia.com.ec\/index.php?rest_route=\/wp\/v2\/posts"}],"about":[{"href":"https:\/\/www.ecuadoraldia.com.ec\/index.php?rest_route=\/wp\/v2\/types\/post"}],"author":[{"embeddable":true,"href":"https:\/\/www.ecuadoraldia.com.ec\/index.php?rest_route=\/wp\/v2\/users\/1"}],"replies":[{"embeddable":true,"href":"https:\/\/www.ecuadoraldia.com.ec\/index.php?rest_route=%2Fwp%2Fv2%2Fcomments&post=16510"}],"version-history":[{"count":4,"href":"https:\/\/www.ecuadoraldia.com.ec\/index.php?rest_route=\/wp\/v2\/posts\/16510\/revisions"}],"predecessor-version":[{"id":16517,"href":"https:\/\/www.ecuadoraldia.com.ec\/index.php?rest_route=\/wp\/v2\/posts\/16510\/revisions\/16517"}],"wp:featuredmedia":[{"embeddable":true,"href":"https:\/\/www.ecuadoraldia.com.ec\/index.php?rest_route=\/wp\/v2\/media\/16511"}],"wp:attachment":[{"href":"https:\/\/www.ecuadoraldia.com.ec\/index.php?rest_route=%2Fwp%2Fv2%2Fmedia&parent=16510"}],"wp:term":[{"taxonomy":"category","embeddable":true,"href":"https:\/\/www.ecuadoraldia.com.ec\/index.php?rest_route=%2Fwp%2Fv2%2Fcategories&post=16510"},{"taxonomy":"post_tag","embeddable":true,"href":"https:\/\/www.ecuadoraldia.com.ec\/index.php?rest_route=%2Fwp%2Fv2%2Ftags&post=16510"}],"curies":[{"name":"wp","href":"https:\/\/api.w.org\/{rel}","templated":true}]}}