{"id":16518,"date":"2018-05-09T13:25:40","date_gmt":"2018-05-09T18:25:40","guid":{"rendered":"http:\/\/www.ecuadoraldia.com.ec\/?p=16518"},"modified":"2018-05-09T13:25:40","modified_gmt":"2018-05-09T18:25:40","slug":"gobierno-promueve-acuerdos-comerciales-con-canada-y-mexico","status":"publish","type":"post","link":"https:\/\/www.ecuadoraldia.com.ec\/?p=16518","title":{"rendered":"Gobierno promueve acuerdos comerciales con Canad\u00e1 y M\u00e9xico"},"content":{"rendered":"<p><a href=\"http:\/\/www.ecuadoraldia.com.ec\/wp-content\/uploads\/2018\/05\/acuerdo.jpg\"><img loading=\"lazy\" decoding=\"async\" class=\"alignleft size-medium wp-image-16519\" src=\"http:\/\/www.ecuadoraldia.com.ec\/wp-content\/uploads\/2018\/05\/acuerdo-300x142.jpg\" alt=\"\" width=\"300\" height=\"142\" srcset=\"https:\/\/www.ecuadoraldia.com.ec\/wp-content\/uploads\/2018\/05\/acuerdo-300x142.jpg 300w, https:\/\/www.ecuadoraldia.com.ec\/wp-content\/uploads\/2018\/05\/acuerdo-768x362.jpg 768w, https:\/\/www.ecuadoraldia.com.ec\/wp-content\/uploads\/2018\/05\/acuerdo-1024x483.jpg 1024w, https:\/\/www.ecuadoraldia.com.ec\/wp-content\/uploads\/2018\/05\/acuerdo.jpg 1200w\" sizes=\"(max-width: 300px) 100vw, 300px\" \/><\/a><\/p>\n<p>El ministro de Comercio Exterior, Pablo Campana, particip\u00f3 en un encuentro con representantes de Canad\u00e1 y empresarios ecuatorianos. Foto: Cortes\u00eda Ministerio de Comercio Exterior e Inversiones. El ministro de Comercio Exterior e Inversiones, Pablo Campana, anunci\u00f3 que se ha puesto en contacto con su par canadiense Fran\u00e7ois-Philippe Champagne para expresarle la disposici\u00f3n de Ecuador de fortalecer las relaciones comerciales entre ambos pa\u00edses y espera una respuesta al respecto.<\/p>\n<p>Este anuncio fue realizado en el evento El Futuro de la Inversi\u00f3n en Ecuador, donde la embajadora de Canad\u00e1 en el pa\u00eds, Marianick Tremblay, resalt\u00f3 la importancia de retomar los tratados bilaterales de inversiones (TBI), como mecanismos de seguridad y protecci\u00f3n para los inversionistas. \u201cPara atraer inversiones es fundamental contar con un ambiente de negocios que propicie confianza, seguridad, estabilidad, seguridad jur\u00eddica y el respeto a los compromisos.<\/p>\n<p>Los TBI son muy \u00fatiles para lograr estos objetivos\u201d, manifest\u00f3 la diplom\u00e1tica. Al respecto, el ministro Campana asegur\u00f3 que, por disposici\u00f3n del Presidente, y a pesar de ser competencia de Canciller\u00eda, desde Comercio Exterior se est\u00e1 realizando un an\u00e1lisis de los TBI para solucionar el tema con los 16 pa\u00edses que fueron denunciados en el anterior r\u00e9gimen.<\/p>\n<p>El ministro Campana resalt\u00f3 la importancia que tiene para el actual gobierno la apertura comercial de Ecuador hacia el mundo y por ello inform\u00f3 que tambi\u00e9n se adelanta un acuerdo comercial con M\u00e9xico. Para abordar el tema vendr\u00e1 entre mayo y junio el Ministro de Comercio Exterior de ese pa\u00eds.<\/p>\n<p>\u201cHay la intenci\u00f3n de fortalecer relaciones con los pa\u00edses de la Alianza del Pac\u00edfico y ser parte de esa organizaci\u00f3n, pero para ello necesitamos firmar un acuerdo comercial con M\u00e9xico\u201d, asever\u00f3. Adem\u00e1s se refiri\u00f3 al plan econ\u00f3mico pr\u00f3ximo a entregarse en la Asamblea Nacional y adelant\u00f3 que se incluy\u00f3 la propuesta de que las nuevas inversiones tengan incentivos importantes a nivel ley de hidrocarburos; de miner\u00eda, eliminaci\u00f3n del impuesto de ganancias extraordinarias, entre otras.<\/p>\n<p>&nbsp;<\/p>\n","protected":false},"excerpt":{"rendered":"<p>El ministro de Comercio Exterior, Pablo Campana, particip\u00f3 en un encuentro con representantes de Canad\u00e1 y empresarios ecuatorianos. Foto: Cortes\u00eda<\/p>\n","protected":false},"author":1,"featured_media":16519,"comment_status":"closed","ping_status":"closed","sticky":false,"template":"","format":"standard","meta":{"footnotes":""},"categories":[9],"tags":[],"_links":{"self":[{"href":"https:\/\/www.ecuadoraldia.com.ec\/index.php?rest_route=\/wp\/v2\/posts\/16518"}],"collection":[{"href":"https:\/\/www.ecuadoraldia.com.ec\/index.php?rest_route=\/wp\/v2\/posts"}],"about":[{"href":"https:\/\/www.ecuadoraldia.com.ec\/index.php?rest_route=\/wp\/v2\/types\/post"}],"author":[{"embeddable":true,"href":"https:\/\/www.ecuadoraldia.com.ec\/index.php?rest_route=\/wp\/v2\/users\/1"}],"replies":[{"embeddable":true,"href":"https:\/\/www.ecuadoraldia.com.ec\/index.php?rest_route=%2Fwp%2Fv2%2Fcomments&post=16518"}],"version-history":[{"count":1,"href":"https:\/\/www.ecuadoraldia.com.ec\/index.php?rest_route=\/wp\/v2\/posts\/16518\/revisions"}],"predecessor-version":[{"id":16520,"href":"https:\/\/www.ecuadoraldia.com.ec\/index.php?rest_route=\/wp\/v2\/posts\/16518\/revisions\/16520"}],"wp:featuredmedia":[{"embeddable":true,"href":"https:\/\/www.ecuadoraldia.com.ec\/index.php?rest_route=\/wp\/v2\/media\/16519"}],"wp:attachment":[{"href":"https:\/\/www.ecuadoraldia.com.ec\/index.php?rest_route=%2Fwp%2Fv2%2Fmedia&parent=16518"}],"wp:term":[{"taxonomy":"category","embeddable":true,"href":"https:\/\/www.ecuadoraldia.com.ec\/index.php?rest_route=%2Fwp%2Fv2%2Fcategories&post=16518"},{"taxonomy":"post_tag","embeddable":true,"href":"https:\/\/www.ecuadoraldia.com.ec\/index.php?rest_route=%2Fwp%2Fv2%2Ftags&post=16518"}],"curies":[{"name":"wp","href":"https:\/\/api.w.org\/{rel}","templated":true}]}}