{"id":16522,"date":"2018-05-10T14:49:58","date_gmt":"2018-05-10T19:49:58","guid":{"rendered":"http:\/\/www.ecuadoraldia.com.ec\/?p=16522"},"modified":"2018-05-11T08:45:07","modified_gmt":"2018-05-11T13:45:07","slug":"familiares-de-periodistas-de-el-comercio-recibiran-informacion-desclasificada","status":"publish","type":"post","link":"https:\/\/www.ecuadoraldia.com.ec\/?p=16522","title":{"rendered":"Familiares de periodistas de El Comercio recibir\u00e1n informaci\u00f3n del secuestro"},"content":{"rendered":"<figure id=\"attachment_16523\" aria-describedby=\"caption-attachment-16523\" style=\"width: 300px\" class=\"wp-caption alignleft\"><a href=\"http:\/\/www.ecuadoraldia.com.ec\/wp-content\/uploads\/2018\/05\/yadira-aguagallo.jpg\"><img loading=\"lazy\" decoding=\"async\" class=\"size-medium wp-image-16523\" src=\"http:\/\/www.ecuadoraldia.com.ec\/wp-content\/uploads\/2018\/05\/yadira-aguagallo-300x169.jpg\" alt=\"\" width=\"300\" height=\"169\" srcset=\"https:\/\/www.ecuadoraldia.com.ec\/wp-content\/uploads\/2018\/05\/yadira-aguagallo-300x169.jpg 300w, https:\/\/www.ecuadoraldia.com.ec\/wp-content\/uploads\/2018\/05\/yadira-aguagallo.jpg 604w\" sizes=\"(max-width: 300px) 100vw, 300px\" \/><\/a><figcaption id=\"caption-attachment-16523\" class=\"wp-caption-text\">En la Gr\u00e1fica Yadira Aguagallo,novia de Pa\u00fal (cronista gr\u00e1fico del matutino)<\/figcaption><\/figure>\n<p>Quito, jueves 10 de mayo de 2018. El Secretario particular del Presidente de la Rep\u00fablica, Juan Sebasti\u00e1n Rold\u00e1n inform\u00f3 que el pr\u00f3ximo lunes dar\u00e1 la informaci\u00f3n desclasificada a los familiares del equipo period\u00edstico de Diario El Comercio secuestrados y asesinados supuestamente por \u201cAlias Guacho\u201d y que fue manejada por los ministerios del Interior y de Defensa.<\/p>\n<p>La entrega se har\u00e1 a los familiares de Javier Ortega (periodista), Pa\u00fal Rivas (fot\u00f3grafo) y Efra\u00edn Segarra (conductor), el 14 de mayo a las 11:00, inform\u00f3 el vocero del presidente Len\u00edn Moreno.<\/p>\n<p>Lea tambi\u00e9n: Comisi\u00f3n recibi\u00f3 a familiares de periodistas asesinados, quienes piden respuestas al Gobierno<\/p>\n<p>Se entregar\u00e1\u00a0 la comunicaci\u00f3n mantenida entre la Unidad Antisecuestro y Extorsi\u00f3n (Unase) y los secuestradores, las bit\u00e1coras de las Fuerzas Armadas y de la Polic\u00eda Nacional. Luego se har\u00e1 una reuni\u00f3n con los familiares para revisar esa documentaci\u00f3n y falta algo, se va a entregar\u00e1 posteriormente, dijo.<\/p>\n<p>Rold\u00e1n sostuvo que los custodios de esa informaci\u00f3n ser\u00e1n los familiares de los secuestrados quienes decidir\u00e1n c\u00f3mo la manejar\u00e1n.<\/p>\n<p>La decisi\u00f3n de desclasificar la informaci\u00f3n del secuestro del conductor Efra\u00edn Segarra, del periodista Javier Ortega y del fot\u00f3grafo Pa\u00fal Rivas se dio esta semana tras las reuniones entre los familiares del equipo period\u00edstico y funcionarios del Gobierno.<\/p>\n<p>De acuerdo a las autoridades ecuatorianas, Javier, Efra\u00edn y Pa\u00fal, fueron secuestrados en marzo, en la zona fronteriza de Mataje y asesinados en abril por el grupo subversivo de alias Guacho en la frontera norte.<\/p>\n<p>En la reuni\u00f3n, los familiares exigieron la transparencia de toda la informaci\u00f3n del caso y la\u00a0 conformaci\u00f3n de una comisi\u00f3n internacional que investigue el caso. (I)<\/p>\n","protected":false},"excerpt":{"rendered":"<p>Quito, jueves 10 de mayo de 2018. El Secretario particular del Presidente de la Rep\u00fablica, Juan Sebasti\u00e1n Rold\u00e1n inform\u00f3 que<\/p>\n","protected":false},"author":1,"featured_media":16523,"comment_status":"closed","ping_status":"closed","sticky":false,"template":"","format":"standard","meta":{"footnotes":""},"categories":[1],"tags":[],"_links":{"self":[{"href":"https:\/\/www.ecuadoraldia.com.ec\/index.php?rest_route=\/wp\/v2\/posts\/16522"}],"collection":[{"href":"https:\/\/www.ecuadoraldia.com.ec\/index.php?rest_route=\/wp\/v2\/posts"}],"about":[{"href":"https:\/\/www.ecuadoraldia.com.ec\/index.php?rest_route=\/wp\/v2\/types\/post"}],"author":[{"embeddable":true,"href":"https:\/\/www.ecuadoraldia.com.ec\/index.php?rest_route=\/wp\/v2\/users\/1"}],"replies":[{"embeddable":true,"href":"https:\/\/www.ecuadoraldia.com.ec\/index.php?rest_route=%2Fwp%2Fv2%2Fcomments&post=16522"}],"version-history":[{"count":2,"href":"https:\/\/www.ecuadoraldia.com.ec\/index.php?rest_route=\/wp\/v2\/posts\/16522\/revisions"}],"predecessor-version":[{"id":16525,"href":"https:\/\/www.ecuadoraldia.com.ec\/index.php?rest_route=\/wp\/v2\/posts\/16522\/revisions\/16525"}],"wp:featuredmedia":[{"embeddable":true,"href":"https:\/\/www.ecuadoraldia.com.ec\/index.php?rest_route=\/wp\/v2\/media\/16523"}],"wp:attachment":[{"href":"https:\/\/www.ecuadoraldia.com.ec\/index.php?rest_route=%2Fwp%2Fv2%2Fmedia&parent=16522"}],"wp:term":[{"taxonomy":"category","embeddable":true,"href":"https:\/\/www.ecuadoraldia.com.ec\/index.php?rest_route=%2Fwp%2Fv2%2Fcategories&post=16522"},{"taxonomy":"post_tag","embeddable":true,"href":"https:\/\/www.ecuadoraldia.com.ec\/index.php?rest_route=%2Fwp%2Fv2%2Ftags&post=16522"}],"curies":[{"name":"wp","href":"https:\/\/api.w.org\/{rel}","templated":true}]}}