{"id":16569,"date":"2018-05-19T12:40:35","date_gmt":"2018-05-19T17:40:35","guid":{"rendered":"http:\/\/www.ecuadoraldia.com.ec\/?p=16569"},"modified":"2018-05-19T12:45:16","modified_gmt":"2018-05-19T17:45:16","slug":"la-boda-de-meghan-markle-y-el-principe-harry","status":"publish","type":"post","link":"https:\/\/www.ecuadoraldia.com.ec\/?p=16569","title":{"rendered":"La boda de Meghan Markle y el pr\u00edncipe Harry"},"content":{"rendered":"<p><a href=\"http:\/\/www.ecuadoraldia.com.ec\/wp-content\/uploads\/2018\/05\/bodareal.jpg\"><img loading=\"lazy\" decoding=\"async\" class=\"size-medium wp-image-16570\" src=\"http:\/\/www.ecuadoraldia.com.ec\/wp-content\/uploads\/2018\/05\/bodareal-300x210.jpg\" alt=\"\" width=\"300\" height=\"210\" srcset=\"https:\/\/www.ecuadoraldia.com.ec\/wp-content\/uploads\/2018\/05\/bodareal-300x210.jpg 300w, https:\/\/www.ecuadoraldia.com.ec\/wp-content\/uploads\/2018\/05\/bodareal-768x537.jpg 768w, https:\/\/www.ecuadoraldia.com.ec\/wp-content\/uploads\/2018\/05\/bodareal-1024x716.jpg 1024w, https:\/\/www.ecuadoraldia.com.ec\/wp-content\/uploads\/2018\/05\/bodareal-130x90.jpg 130w\" sizes=\"(max-width: 300px) 100vw, 300px\" \/><\/a><\/p>\n<p>El pr\u00edncipe Harry y la duquesa de Sussex ya son marido y mujer. Contrajeron matrimonio en la capilla St. George en el castillo de Windsor<\/p>\n<p>La actriz Meghan Markle, de 36 a\u00f1os, contrajo matrimonio con el pr\u00edncipe Harry, de 33 a\u00f1os, en la capilla St. George en el castillo de Windsor ante una multitud.<\/p>\n<p>Harry de Inglaterra lleg\u00f3 a pie a la iglesia cuando faltaba algo menos de media hora, acompa\u00f1ado de su hermano William, el padrino de boda, ambos en uniforme de gala militar.<\/p>\n<p>Para Markle es su segundo matrimonio. Fue en septiembre del 2011 cuando la actriz de \u00abSuits\u00bb daba el \u00abs\u00ed, quiero\u00bb al productor Trevor Engelson en un relajada ceremonia con amigos a orillas del mar. Dos a\u00f1os m\u00e1s tarde se divorciaban, alegando \u00abdiferencias irreconciliables\u00bb.<\/p>\n<p>El arzobispo de Canterbury declar\u00f3 este sabado marido y mujer al pr\u00edncipe Harry y la actriz estadounidense Meghan Markle, quienes se convirtieron en los duques de Sussex.<\/p>\n<p>Despu\u00e9s de entrar a la capilla de St George sin escolta, la protagonista de la serie televisiva \u00abSuits\u00bb -con un largo vestido de blanco inmaculado dise\u00f1ado por Clare Waight Keller- camin\u00f3 hasta el centro de la capilla del siglo XV en el castillo de Windsor.<\/p>\n<p>All\u00ed se encontr\u00f3 con el pr\u00edncipe Carlos, heredero al trono, quien la acompa\u00f1\u00f3 hasta al altar.<\/p>\n<p>El secreto mejor guardado de la boda real entre el pr\u00edncipe Harry y Meghan Markle fue revelado. La nueva &#8216;princesa&#8217; lleg\u00f3 a la Capilla de St George -como indicaba el programa a las 11.50 GMT, brill\u00f3 con un imponente dise\u00f1o de etiqueta brit\u00e1nica camino al altar.<\/p>\n<p>Meghan, que hab\u00eda confesado que le gustan los vestidos sencillos, cont\u00f3 con la ayuda de varios asesores de Kensington Palace , entre ellas Jessica Mulroney, as\u00ed como de algunas de sus amigas para elegir el modelo.<\/p>\n<p>&nbsp;<\/p>\n","protected":false},"excerpt":{"rendered":"<p>El pr\u00edncipe Harry y la duquesa de Sussex ya son marido y mujer. Contrajeron matrimonio en la capilla St. George<\/p>\n","protected":false},"author":1,"featured_media":16570,"comment_status":"closed","ping_status":"closed","sticky":false,"template":"","format":"standard","meta":{"footnotes":""},"categories":[1],"tags":[55],"_links":{"self":[{"href":"https:\/\/www.ecuadoraldia.com.ec\/index.php?rest_route=\/wp\/v2\/posts\/16569"}],"collection":[{"href":"https:\/\/www.ecuadoraldia.com.ec\/index.php?rest_route=\/wp\/v2\/posts"}],"about":[{"href":"https:\/\/www.ecuadoraldia.com.ec\/index.php?rest_route=\/wp\/v2\/types\/post"}],"author":[{"embeddable":true,"href":"https:\/\/www.ecuadoraldia.com.ec\/index.php?rest_route=\/wp\/v2\/users\/1"}],"replies":[{"embeddable":true,"href":"https:\/\/www.ecuadoraldia.com.ec\/index.php?rest_route=%2Fwp%2Fv2%2Fcomments&post=16569"}],"version-history":[{"count":5,"href":"https:\/\/www.ecuadoraldia.com.ec\/index.php?rest_route=\/wp\/v2\/posts\/16569\/revisions"}],"predecessor-version":[{"id":16575,"href":"https:\/\/www.ecuadoraldia.com.ec\/index.php?rest_route=\/wp\/v2\/posts\/16569\/revisions\/16575"}],"wp:featuredmedia":[{"embeddable":true,"href":"https:\/\/www.ecuadoraldia.com.ec\/index.php?rest_route=\/wp\/v2\/media\/16570"}],"wp:attachment":[{"href":"https:\/\/www.ecuadoraldia.com.ec\/index.php?rest_route=%2Fwp%2Fv2%2Fmedia&parent=16569"}],"wp:term":[{"taxonomy":"category","embeddable":true,"href":"https:\/\/www.ecuadoraldia.com.ec\/index.php?rest_route=%2Fwp%2Fv2%2Fcategories&post=16569"},{"taxonomy":"post_tag","embeddable":true,"href":"https:\/\/www.ecuadoraldia.com.ec\/index.php?rest_route=%2Fwp%2Fv2%2Ftags&post=16569"}],"curies":[{"name":"wp","href":"https:\/\/api.w.org\/{rel}","templated":true}]}}