{"id":16576,"date":"2018-05-19T12:51:36","date_gmt":"2018-05-19T17:51:36","guid":{"rendered":"http:\/\/www.ecuadoraldia.com.ec\/?p=16576"},"modified":"2018-05-19T13:01:59","modified_gmt":"2018-05-19T18:01:59","slug":"la-nasa-advirtio-sobre-la-escasez-de-agua-en-los-proximos-anos","status":"publish","type":"post","link":"https:\/\/www.ecuadoraldia.com.ec\/?p=16576","title":{"rendered":"La NASA advirte sobre la escasez de agua en los pr\u00f3ximos a\u00f1os"},"content":{"rendered":"<p><a href=\"http:\/\/www.ecuadoraldia.com.ec\/wp-content\/uploads\/2018\/05\/lioagua.jpg\"><img loading=\"lazy\" decoding=\"async\" class=\"alignleft size-medium wp-image-16577\" src=\"http:\/\/www.ecuadoraldia.com.ec\/wp-content\/uploads\/2018\/05\/lioagua-300x169.jpg\" alt=\"\" width=\"300\" height=\"169\" srcset=\"https:\/\/www.ecuadoraldia.com.ec\/wp-content\/uploads\/2018\/05\/lioagua-300x169.jpg 300w, https:\/\/www.ecuadoraldia.com.ec\/wp-content\/uploads\/2018\/05\/lioagua-768x432.jpg 768w, https:\/\/www.ecuadoraldia.com.ec\/wp-content\/uploads\/2018\/05\/lioagua-1024x576.jpg 1024w, https:\/\/www.ecuadoraldia.com.ec\/wp-content\/uploads\/2018\/05\/lioagua.jpg 1920w\" sizes=\"(max-width: 300px) 100vw, 300px\" \/><\/a><br \/>\nUn estudio realizado durante 14 a\u00f1os revel\u00f3 que por la incidencia humana y el cambio clim\u00e1tico hay alteraciones importantes en el acceso al agua dulce en 34 regiones del mundo, con 19 puntos graves<\/p>\n<p>En el primer estudio de esta clase que realiza la NASA, los cient\u00edficos de la agencia hallaron que no s\u00f3lo las temperaturas altas, la p\u00e9rdida de hielo en los glaciares y los huracanes son se\u00f1ales del cambio clim\u00e1tico y la acci\u00f3n humana sobre la Tierra. Al examinar observaciones satelitales en combinaci\u00f3n con datos sobre la incidencia humana en el agua dulce, hay alteraciones importantes en 34 regiones del mundo, con 19 puntos donde la disminuci\u00f3n ha sido dr\u00e1stica entre 2002 y 2016.<\/p>\n<p>\u00abEstamos asistiendo a un cambio hidrol\u00f3gico may\u00fasculo\u00bb, dijo a The Guardian el experto Jay Famiglietti, autor principal del estudio que se public\u00f3 en Nature. La escasez de agua se presenta como un desaf\u00edo ambiental clave del siglo XXI, advirtieron los cient\u00edficos, que hallaron franjas de reducci\u00f3n del agua dulce disponible entre los tr\u00f3picos y las latitudes altas que no son atribuibles a las variaciones naturales.<\/p>\n<p>La observaci\u00f3n de 14 a\u00f1os se tom\u00f3 de las im\u00e1genes que se hicieron en la misi\u00f3n satelital llamada Experimento de Clima y Recuperaci\u00f3n Gravitatoria (Grace) en el mundo entero. \u00abSon coherentes con los modelos de predicci\u00f3n clim\u00e1ticos\u00bb, dice el estudio. \u00abEsta evaluaci\u00f3n, basada en observaciones sobre c\u00f3mo el paisaje de agua del mundo responde al impacto humano y las variaciones del clima, constituye un mapa para evaluar y predecir las amenazas emergentes\u00bb.<\/p>\n<p>Que son son s\u00f3lo el agua en s\u00ed misma para el consumo directo humano: tambi\u00e9n a la seguridad alimentaria de los habitantes del planeta, ya que el agua es un factor capital en la agricultura y la cr\u00eda de animales.<\/p>\n<p>En el norte y el este de la India, en Medio Oriente, en California \u2014que ha sufrido grandes sequ\u00edas, y poderosos incendios forestales\u2014 y en Australia se encuentran algunos de los puntos donde la falta de agua dulce ya causa problemas y tiende a empeorar.<\/p>\n<p><a href=\"http:\/\/www.ecuadoraldia.com.ec\/wp-content\/uploads\/2018\/05\/escacesdeagua.jpg\"><img loading=\"lazy\" decoding=\"async\" class=\"alignleft size-medium wp-image-16581\" src=\"http:\/\/www.ecuadoraldia.com.ec\/wp-content\/uploads\/2018\/05\/escacesdeagua-300x159.jpg\" alt=\"\" width=\"300\" height=\"159\" srcset=\"https:\/\/www.ecuadoraldia.com.ec\/wp-content\/uploads\/2018\/05\/escacesdeagua-300x159.jpg 300w, https:\/\/www.ecuadoraldia.com.ec\/wp-content\/uploads\/2018\/05\/escacesdeagua-390x205.jpg 390w, https:\/\/www.ecuadoraldia.com.ec\/wp-content\/uploads\/2018\/05\/escacesdeagua.jpg 720w\" sizes=\"(max-width: 300px) 100vw, 300px\" \/><\/a><\/p>\n<p>El estudio revel\u00f3 tambi\u00e9n algunos lugares de los que no se ten\u00edan referencias anteriores o no se conoc\u00edan bien: en la provincia de Xinjian, en el noroeste de China, se produjeron reducciones dram\u00e1ticas, a pesar de que hubo cantidades normales de lluvia, debido al uso excesivo de la napas subterr\u00e1neas para la industria y el riego.<\/p>\n<p>Algo similar se observ\u00f3 en el Mar Caspio, cuyos bordes se han reducido tanto que hacen temer que tenga un destino de agotamiento como el Mar Aral. Antes se cre\u00eda que el cambio se deb\u00eda a una variabilidad natural; sin embargo, el nuevo an\u00e1lisis demuestra que el da\u00f1o mayor se debe a la extracci\u00f3n de agua de los r\u00edos que lo nutren, tambi\u00e9n para la producci\u00f3n industrial y agr\u00edcola.<\/p>\n<p>\u00abPor primera vez vemos un patr\u00f3n muy distintivo, en las altas latitudes y en los tr\u00f3picos, donde los humedales del mundo se vuelven m\u00e1s h\u00famedos y las zonas secas, m\u00e1s \u00e1ridas\u00bb, agreg\u00f3 Famiglietti, quien trabaja en el Laboratorio de Propulsi\u00f3n Jet de la NASA, y difundi\u00f3 el problema en un tuit. \u00abY en las \u00e1reas secas vemos numerosos focos que revelan el agotamiento de las aguas subterr\u00e1neas\u00bb.<\/p>\n<p>Aunque hay \u00abuna clara huella humana\u00bb, seg\u00fan el estudio, en la afectaci\u00f3n del ciclo del agua, los investigadores creen que resta establecer si es m\u00e1s grave el consumo insostenible de las napas bajo la superficie o el cambio clim\u00e1tico.<\/p>\n<p>En todo caso, dijo Jonathan Farr, analista de pol\u00edticas de la fundaci\u00f3n WaterAid, \u00abeste informe es una advertencia y una proyecci\u00f3n de una amenaza futura\u00bb. Agreg\u00f3 en The Guardian: \u00abDebemos asegurar que la inversi\u00f3n en el agua mantenga el ritmo de la industrializaci\u00f3n y la agricultura\u00bb. Los gobiernos, opin\u00f3, deber\u00edan realizarlo, a un costo estimado de entre USD 30.000 millones y USD 100.000 millones por a\u00f1o.<\/p>\n<p>La buena noticia, agreg\u00f3, es que por ahora existen soluciones disponibles. Record\u00f3 que el agua es un factor central para la vida no s\u00f3lo biol\u00f3gica: \u00abHemos resuelto el problema del acceso a las fuentes de agua desde que comenz\u00f3 la civilizaci\u00f3n\u00bb.<\/p>\n<p>Apenas el 3 por ciento del agua que existe en el planeta es dulce, entonces hay que tomar las medidas correctivas para evitar una cat\u00e1strofe mundial. Pese a que ya se han creado equipos especiales para desanisar el agua de mar, es necesario proteger los afluentes y reservorios del l\u00edquido vital. Protejer los bosques, sembrar \u00e1rboles, son parte de la soluci\u00f3n.<\/p>\n<p>&nbsp;<\/p>\n","protected":false},"excerpt":{"rendered":"<p>Un estudio realizado durante 14 a\u00f1os revel\u00f3 que por la incidencia humana y el cambio clim\u00e1tico hay alteraciones importantes en<\/p>\n","protected":false},"author":1,"featured_media":16577,"comment_status":"closed","ping_status":"closed","sticky":false,"template":"","format":"standard","meta":{"footnotes":""},"categories":[8],"tags":[],"_links":{"self":[{"href":"https:\/\/www.ecuadoraldia.com.ec\/index.php?rest_route=\/wp\/v2\/posts\/16576"}],"collection":[{"href":"https:\/\/www.ecuadoraldia.com.ec\/index.php?rest_route=\/wp\/v2\/posts"}],"about":[{"href":"https:\/\/www.ecuadoraldia.com.ec\/index.php?rest_route=\/wp\/v2\/types\/post"}],"author":[{"embeddable":true,"href":"https:\/\/www.ecuadoraldia.com.ec\/index.php?rest_route=\/wp\/v2\/users\/1"}],"replies":[{"embeddable":true,"href":"https:\/\/www.ecuadoraldia.com.ec\/index.php?rest_route=%2Fwp%2Fv2%2Fcomments&post=16576"}],"version-history":[{"count":4,"href":"https:\/\/www.ecuadoraldia.com.ec\/index.php?rest_route=\/wp\/v2\/posts\/16576\/revisions"}],"predecessor-version":[{"id":16582,"href":"https:\/\/www.ecuadoraldia.com.ec\/index.php?rest_route=\/wp\/v2\/posts\/16576\/revisions\/16582"}],"wp:featuredmedia":[{"embeddable":true,"href":"https:\/\/www.ecuadoraldia.com.ec\/index.php?rest_route=\/wp\/v2\/media\/16577"}],"wp:attachment":[{"href":"https:\/\/www.ecuadoraldia.com.ec\/index.php?rest_route=%2Fwp%2Fv2%2Fmedia&parent=16576"}],"wp:term":[{"taxonomy":"category","embeddable":true,"href":"https:\/\/www.ecuadoraldia.com.ec\/index.php?rest_route=%2Fwp%2Fv2%2Fcategories&post=16576"},{"taxonomy":"post_tag","embeddable":true,"href":"https:\/\/www.ecuadoraldia.com.ec\/index.php?rest_route=%2Fwp%2Fv2%2Ftags&post=16576"}],"curies":[{"name":"wp","href":"https:\/\/api.w.org\/{rel}","templated":true}]}}