{"id":16584,"date":"2018-05-21T13:58:40","date_gmt":"2018-05-21T18:58:40","guid":{"rendered":"http:\/\/www.ecuadoraldia.com.ec\/?p=16584"},"modified":"2018-05-21T13:58:40","modified_gmt":"2018-05-21T18:58:40","slug":"reforma-elimina-el-linchamiento-mediatico-y-la-supercom","status":"publish","type":"post","link":"https:\/\/www.ecuadoraldia.com.ec\/?p=16584","title":{"rendered":"Reforma elimina el linchamiento medi\u00e1tico y la Supercom"},"content":{"rendered":"<p><a href=\"http:\/\/www.ecuadoraldia.com.ec\/wp-content\/uploads\/2018\/05\/locasamblea.jpg\"><img loading=\"lazy\" decoding=\"async\" class=\"alignleft size-medium wp-image-16585\" src=\"http:\/\/www.ecuadoraldia.com.ec\/wp-content\/uploads\/2018\/05\/locasamblea-300x154.jpg\" alt=\"\" width=\"300\" height=\"154\" srcset=\"https:\/\/www.ecuadoraldia.com.ec\/wp-content\/uploads\/2018\/05\/locasamblea-300x154.jpg 300w, https:\/\/www.ecuadoraldia.com.ec\/wp-content\/uploads\/2018\/05\/locasamblea.jpg 765w\" sizes=\"(max-width: 300px) 100vw, 300px\" \/><\/a><\/p>\n<p>El secretario de Comunicaci\u00f3n, Andr\u00e9s Michelena, present\u00f3 la ma\u00f1ana de este 21 de mayo de 2018 el Proyecto de Reforma a la Ley Org\u00e1nica de Comunicaci\u00f3n (LOC) a la presidenta de la Asamblea Nacional, Elizabeth Cabezas.<\/p>\n<p>El art. 26 de la actual LOC define que el &#8216;linchamiento medi\u00e1tico&#8217; se da cuando \u00abde manera directa o a trav\u00e9s de terceros, sea producida de forma concertada y publicada reiterativamente a trav\u00e9s de uno o m\u00e1s medios de comunicaci\u00f3n con el prop\u00f3sito de desprestigiar a una persona natural o jur\u00eddica o reducir su credibilidad p\u00fablica\u00bb.<\/p>\n<p>Adem\u00e1s, indica la eventual creaci\u00f3n de un Observatorio de Derechos Humanos y Justicia, as\u00ed como la reclasificaci\u00f3n de los Medios P\u00fablicos, en Medios P\u00fablicos al Servicio Institucional y Medios P\u00fablicos al Servicio de los Ciudadanos. Para estos \u00faltimos, se elaborar\u00e1 un reglamento que determine par\u00e1metros para su conformaci\u00f3n, funcionamiento y financiamiento.<\/p>\n<p>Tambi\u00e9n, considera la organizaci\u00f3n de un concurso abierto y transparente de frecuencias para medios privados y comunitarios. Y se plantea una asignaci\u00f3n directa de frecuencias para las nacionalidades ind\u00edgenas (seg\u00fan lo establezca la autoridad de telecomunicaciones).<\/p>\n<p>Un comunicado de la Secretar\u00eda de Comunicaci\u00f3n indica que el Proyecto de Reformas a la LOC se da \u00aben un marco global de reinstitucionalidad del pa\u00eds, para rescatar los principios de la Constituci\u00f3n de Montecristi\u00bb. La propuesta actualizar\u00eda la Ley acorde a la normativa y tratados internacionales, y, seg\u00fan el gobierno, refleja el fin de la confrontaci\u00f3n a medios de comunicaci\u00f3n, actores pol\u00edticos y ciudadan\u00eda en general.<\/p>\n<p>Seg\u00fan el Ejecutivo, la propuesta busca \u00abacabar con 10 a\u00f1os de hostigamiento y persecuci\u00f3n\u00bb; rescatar los principios de la Constituci\u00f3n de Montecristi; actualizar a la LOC acorde a normativa y tratados internacional; adem\u00e1s que refleja el fin de la confrontaci\u00f3n a medios de comunicaci\u00f3n, actores pol\u00edticos y ciudadan\u00eda en general.<\/p>\n<p>Las reformas tienen 6 ejes, entre los cuales consta la eliminaci\u00f3n de todo el esquema administrativo de sanci\u00f3n y control; la desaparici\u00f3n definitiva de la Superintendencia de Comunicaci\u00f3n (Supercom). Adem\u00e1s, el fortalecimiento de la institucionalidad con la asignaci\u00f3n y ampliaci\u00f3n de las funciones del Consejo de Regulaci\u00f3n y Desarrollo de la Informaci\u00f3n (Cordicom) y la Defensor\u00eda del Pueblo, para mantener derechos fundamentales como prohibici\u00f3n de la censura previa, rectificaci\u00f3n y r\u00e9plica, regulaci\u00f3n de contenido discriminatorio, clasificaci\u00f3n de audiencias y franjas horarias y la difusi\u00f3n de contenidos musicales.<\/p>\n<p>Tambi\u00e9n, la creaci\u00f3n de un Observatorio de Derechos Humanos y Justicia; la reclasificaci\u00f3n de los medios p\u00fablicos en medios p\u00fablicos al servicio institucional y medios p\u00fablicos al servicio de los ciudadanos; un concurso abierto de frecuencias para medios privados comunitarios; y la asignaci\u00f3n directa de frecuencias para nacionalidades ind\u00edgenas.<\/p>\n<p>Elizabeth Cabezas, presidenta de la Asamblea, recalc\u00f3 que las reformas a la LOC ya est\u00e1n contempladas en la agenda legislativa prioritaria, trabajada con todas las bancadas. Puntualiz\u00f3 que se las tratar\u00e1 \u00aben la brevedad posible\u00bb. La Defensor\u00eda ser\u00e1 la encargada de recibir las denuncias ciudadanas. Tendr\u00e1 180 d\u00edas para establecer un plan de fortalecimiento. (I)<\/p>\n<p>&nbsp;<\/p>\n<p>&nbsp;<\/p>\n","protected":false},"excerpt":{"rendered":"<p>El secretario de Comunicaci\u00f3n, Andr\u00e9s Michelena, present\u00f3 la ma\u00f1ana de este 21 de mayo de 2018 el Proyecto de Reforma<\/p>\n","protected":false},"author":1,"featured_media":16585,"comment_status":"closed","ping_status":"closed","sticky":false,"template":"","format":"standard","meta":{"footnotes":""},"categories":[1],"tags":[56],"_links":{"self":[{"href":"https:\/\/www.ecuadoraldia.com.ec\/index.php?rest_route=\/wp\/v2\/posts\/16584"}],"collection":[{"href":"https:\/\/www.ecuadoraldia.com.ec\/index.php?rest_route=\/wp\/v2\/posts"}],"about":[{"href":"https:\/\/www.ecuadoraldia.com.ec\/index.php?rest_route=\/wp\/v2\/types\/post"}],"author":[{"embeddable":true,"href":"https:\/\/www.ecuadoraldia.com.ec\/index.php?rest_route=\/wp\/v2\/users\/1"}],"replies":[{"embeddable":true,"href":"https:\/\/www.ecuadoraldia.com.ec\/index.php?rest_route=%2Fwp%2Fv2%2Fcomments&post=16584"}],"version-history":[{"count":1,"href":"https:\/\/www.ecuadoraldia.com.ec\/index.php?rest_route=\/wp\/v2\/posts\/16584\/revisions"}],"predecessor-version":[{"id":16586,"href":"https:\/\/www.ecuadoraldia.com.ec\/index.php?rest_route=\/wp\/v2\/posts\/16584\/revisions\/16586"}],"wp:featuredmedia":[{"embeddable":true,"href":"https:\/\/www.ecuadoraldia.com.ec\/index.php?rest_route=\/wp\/v2\/media\/16585"}],"wp:attachment":[{"href":"https:\/\/www.ecuadoraldia.com.ec\/index.php?rest_route=%2Fwp%2Fv2%2Fmedia&parent=16584"}],"wp:term":[{"taxonomy":"category","embeddable":true,"href":"https:\/\/www.ecuadoraldia.com.ec\/index.php?rest_route=%2Fwp%2Fv2%2Fcategories&post=16584"},{"taxonomy":"post_tag","embeddable":true,"href":"https:\/\/www.ecuadoraldia.com.ec\/index.php?rest_route=%2Fwp%2Fv2%2Ftags&post=16584"}],"curies":[{"name":"wp","href":"https:\/\/api.w.org\/{rel}","templated":true}]}}