{"id":16592,"date":"2018-05-22T15:15:22","date_gmt":"2018-05-22T20:15:22","guid":{"rendered":"http:\/\/www.ecuadoraldia.com.ec\/?p=16592"},"modified":"2018-05-22T15:15:22","modified_gmt":"2018-05-22T20:15:22","slug":"honduras-avion-falla-al-intentar-aterrizar-en-tegucigalpa-y-deja-al-menos-6-heridos","status":"publish","type":"post","link":"https:\/\/www.ecuadoraldia.com.ec\/?p=16592","title":{"rendered":"Honduras: Avi\u00f3n falla al intentar aterrizar en Tegucigalpa y deja al menos 6 heridos"},"content":{"rendered":"<p><a href=\"http:\/\/www.ecuadoraldia.com.ec\/wp-content\/uploads\/2018\/05\/LLAMAS-AVION-tegu.jpg\"><img loading=\"lazy\" decoding=\"async\" class=\"alignleft size-medium wp-image-16593\" src=\"http:\/\/www.ecuadoraldia.com.ec\/wp-content\/uploads\/2018\/05\/LLAMAS-AVION-tegu-300x183.jpg\" alt=\"\" width=\"300\" height=\"183\" srcset=\"https:\/\/www.ecuadoraldia.com.ec\/wp-content\/uploads\/2018\/05\/LLAMAS-AVION-tegu-300x183.jpg 300w, https:\/\/www.ecuadoraldia.com.ec\/wp-content\/uploads\/2018\/05\/LLAMAS-AVION-tegu-768x469.jpg 768w, https:\/\/www.ecuadoraldia.com.ec\/wp-content\/uploads\/2018\/05\/LLAMAS-AVION-tegu.jpg 770w\" sizes=\"(max-width: 300px) 100vw, 300px\" \/><\/a><\/p>\n<p>El Cuerpo de Bomberos y agentes de la Polic\u00eda Nacional apagaron las primeras llamas del avi\u00f3n accidentado hoy en el aeropuerto de Toncont\u00edn, de Tegucigalpa, capital de Honduras.<\/p>\n<p>El avi\u00f3n privado tipo G-20, matr\u00edcula N813WN, se sali\u00f3 de la pista y dej\u00f3 nueve personas heridas, de los cuales siete eran pasajeros y dos tripulantes, quienes se encuentran estables de salud.<\/p>\n<p>\u201cLa Polic\u00eda Nacional y el Cuerpo de Bomberos tomaron control de la aeronave y la zona para realizar las labores de rescate y del control absoluto de la escena, estamos prestando la colaboraci\u00f3n necesaria con m\u00e1s de 150 efectivos\u201d afirm\u00f3 el subcomisionado de Polic\u00eda, Miguel P\u00e9rez Suazo.<\/p>\n<p>\u201cSe solicit\u00f3 el apoyo correspondiente de las dem\u00e1s unidades metropolitanas de Tegucigalpa y Comayag\u00fcela para conformar anillos de seguridad que permitan a los bomberos y otras entidades del Estado realizar las labores correspondientes en este tipo de accidentes\u201d detall\u00f3.<\/p>\n<p>Luis Flores ciudadano que transitaba por el lugar cuando sucedi\u00f3 el accidente, coment\u00f3 que \u201clos bomberos y la Polic\u00eda Nacional llegaron de inmediato al lugar, eso es bueno porque as\u00ed se asegura que uno como poblaci\u00f3n no vaya a sufrir alg\u00fan percance y tambi\u00e9n porque ayudaron r\u00e1pido a las personas que ven\u00edan en el avi\u00f3n\u201d.<\/p>\n<p>Por otra parte, Miguel Osorio, vocero del Hospital Escuela Universitario confirmo que los tripulantes de la aeronave llegaron a dicho centro asistencial en condiciones estables con lesiones leves.<\/p>\n<p>Por su lado, la Direcci\u00f3n de Aeron\u00e1utica Civil inform\u00f3 que realizar\u00e1 las investigaciones pertinentes para recabar informaci\u00f3n necesaria para determinar las posibles causas de este accidente. (La tribuna)<\/p>\n","protected":false},"excerpt":{"rendered":"<p>El Cuerpo de Bomberos y agentes de la Polic\u00eda Nacional apagaron las primeras llamas del avi\u00f3n accidentado hoy en el<\/p>\n","protected":false},"author":1,"featured_media":16593,"comment_status":"closed","ping_status":"closed","sticky":false,"template":"","format":"standard","meta":{"footnotes":""},"categories":[7],"tags":[],"_links":{"self":[{"href":"https:\/\/www.ecuadoraldia.com.ec\/index.php?rest_route=\/wp\/v2\/posts\/16592"}],"collection":[{"href":"https:\/\/www.ecuadoraldia.com.ec\/index.php?rest_route=\/wp\/v2\/posts"}],"about":[{"href":"https:\/\/www.ecuadoraldia.com.ec\/index.php?rest_route=\/wp\/v2\/types\/post"}],"author":[{"embeddable":true,"href":"https:\/\/www.ecuadoraldia.com.ec\/index.php?rest_route=\/wp\/v2\/users\/1"}],"replies":[{"embeddable":true,"href":"https:\/\/www.ecuadoraldia.com.ec\/index.php?rest_route=%2Fwp%2Fv2%2Fcomments&post=16592"}],"version-history":[{"count":1,"href":"https:\/\/www.ecuadoraldia.com.ec\/index.php?rest_route=\/wp\/v2\/posts\/16592\/revisions"}],"predecessor-version":[{"id":16594,"href":"https:\/\/www.ecuadoraldia.com.ec\/index.php?rest_route=\/wp\/v2\/posts\/16592\/revisions\/16594"}],"wp:featuredmedia":[{"embeddable":true,"href":"https:\/\/www.ecuadoraldia.com.ec\/index.php?rest_route=\/wp\/v2\/media\/16593"}],"wp:attachment":[{"href":"https:\/\/www.ecuadoraldia.com.ec\/index.php?rest_route=%2Fwp%2Fv2%2Fmedia&parent=16592"}],"wp:term":[{"taxonomy":"category","embeddable":true,"href":"https:\/\/www.ecuadoraldia.com.ec\/index.php?rest_route=%2Fwp%2Fv2%2Fcategories&post=16592"},{"taxonomy":"post_tag","embeddable":true,"href":"https:\/\/www.ecuadoraldia.com.ec\/index.php?rest_route=%2Fwp%2Fv2%2Ftags&post=16592"}],"curies":[{"name":"wp","href":"https:\/\/api.w.org\/{rel}","templated":true}]}}