{"id":16595,"date":"2018-05-24T11:05:12","date_gmt":"2018-05-24T16:05:12","guid":{"rendered":"http:\/\/www.ecuadoraldia.com.ec\/?p=16595"},"modified":"2018-05-24T11:05:12","modified_gmt":"2018-05-24T16:05:12","slug":"cambios-en-rentas-y-aduanas","status":"publish","type":"post","link":"https:\/\/www.ecuadoraldia.com.ec\/?p=16595","title":{"rendered":"Cambios en Rentas y Aduanas"},"content":{"rendered":"<p><a href=\"http:\/\/www.ecuadoraldia.com.ec\/wp-content\/uploads\/2018\/05\/image_content_.jpg\"><img loading=\"lazy\" decoding=\"async\" class=\"alignleft size-medium wp-image-16596\" src=\"http:\/\/www.ecuadoraldia.com.ec\/wp-content\/uploads\/2018\/05\/image_content_-300x169.jpg\" alt=\"\" width=\"300\" height=\"169\" srcset=\"https:\/\/www.ecuadoraldia.com.ec\/wp-content\/uploads\/2018\/05\/image_content_-300x169.jpg 300w, https:\/\/www.ecuadoraldia.com.ec\/wp-content\/uploads\/2018\/05\/image_content_.jpg 762w\" sizes=\"(max-width: 300px) 100vw, 300px\" \/><\/a><\/p>\n<p>Con los cambios en el Ministerio de Finanzas, tambi\u00e9n se movieron las fichas en el SRI y ADUANAS. Marisol Andrade Hern\u00e1ndez es ahora la directora del Servicio de Rentas Internas (SRI), en reemplazo de Leonardo Orlando Arteaga, quien ocup\u00f3 el cargo desde el 15 de febrero de 2016, durante la administraci\u00f3n de Rafael Correa.<\/p>\n<p>Andrade, de 37 a\u00f1os, es riobambe\u00f1a y ha estado vinculada al SRI desde 2004. Desde entonces ha ocupado distintos puestos dentro de la instituci\u00f3n. En 2014, pas\u00f3 a ser directora regional de Chimborazo, hasta la fecha.<\/p>\n<p>Asimismo, Moreno design\u00f3 a Carlos Andretta como director del Servicio Nacional de Aduana del Ecuador (Senae), en lugar de Mauro Andino Alarc\u00f3n, quien asumi\u00f3 el cargo el 24 de mayo de 2017.<\/p>\n<p>Andretta es un abogado guayaquile\u00f1o de 42 a\u00f1os y su experiencia se ha desarrollado en el sector privado. De 2008 a 2013 fue director de asuntos corporativos de Cervecer\u00eda Nacional. En 2013, se desempe\u00f1\u00f3 como director del Centro de Asuntos Corporativos y P\u00fablicos Corpaffairs.<\/p>\n","protected":false},"excerpt":{"rendered":"<p>Con los cambios en el Ministerio de Finanzas, tambi\u00e9n se movieron las fichas en el SRI y ADUANAS. Marisol Andrade<\/p>\n","protected":false},"author":1,"featured_media":16596,"comment_status":"closed","ping_status":"closed","sticky":false,"template":"","format":"standard","meta":{"footnotes":""},"categories":[1],"tags":[],"_links":{"self":[{"href":"https:\/\/www.ecuadoraldia.com.ec\/index.php?rest_route=\/wp\/v2\/posts\/16595"}],"collection":[{"href":"https:\/\/www.ecuadoraldia.com.ec\/index.php?rest_route=\/wp\/v2\/posts"}],"about":[{"href":"https:\/\/www.ecuadoraldia.com.ec\/index.php?rest_route=\/wp\/v2\/types\/post"}],"author":[{"embeddable":true,"href":"https:\/\/www.ecuadoraldia.com.ec\/index.php?rest_route=\/wp\/v2\/users\/1"}],"replies":[{"embeddable":true,"href":"https:\/\/www.ecuadoraldia.com.ec\/index.php?rest_route=%2Fwp%2Fv2%2Fcomments&post=16595"}],"version-history":[{"count":1,"href":"https:\/\/www.ecuadoraldia.com.ec\/index.php?rest_route=\/wp\/v2\/posts\/16595\/revisions"}],"predecessor-version":[{"id":16597,"href":"https:\/\/www.ecuadoraldia.com.ec\/index.php?rest_route=\/wp\/v2\/posts\/16595\/revisions\/16597"}],"wp:featuredmedia":[{"embeddable":true,"href":"https:\/\/www.ecuadoraldia.com.ec\/index.php?rest_route=\/wp\/v2\/media\/16596"}],"wp:attachment":[{"href":"https:\/\/www.ecuadoraldia.com.ec\/index.php?rest_route=%2Fwp%2Fv2%2Fmedia&parent=16595"}],"wp:term":[{"taxonomy":"category","embeddable":true,"href":"https:\/\/www.ecuadoraldia.com.ec\/index.php?rest_route=%2Fwp%2Fv2%2Fcategories&post=16595"},{"taxonomy":"post_tag","embeddable":true,"href":"https:\/\/www.ecuadoraldia.com.ec\/index.php?rest_route=%2Fwp%2Fv2%2Ftags&post=16595"}],"curies":[{"name":"wp","href":"https:\/\/api.w.org\/{rel}","templated":true}]}}