{"id":16598,"date":"2018-05-24T12:02:36","date_gmt":"2018-05-24T17:02:36","guid":{"rendered":"http:\/\/www.ecuadoraldia.com.ec\/?p=16598"},"modified":"2018-05-24T12:02:36","modified_gmt":"2018-05-24T17:02:36","slug":"moreno-presento-informe-de-gestion-ante-la-asamblea-nacional","status":"publish","type":"post","link":"https:\/\/www.ecuadoraldia.com.ec\/?p=16598","title":{"rendered":"Moreno present\u00f3 informe de gesti\u00f3n ante la Asamblea Nacional."},"content":{"rendered":"<p><a href=\"http:\/\/www.ecuadoraldia.com.ec\/wp-content\/uploads\/2018\/05\/mo.jpg\"><img loading=\"lazy\" decoding=\"async\" class=\"alignleft size-medium wp-image-16599\" src=\"http:\/\/www.ecuadoraldia.com.ec\/wp-content\/uploads\/2018\/05\/mo-300x169.jpg\" alt=\"\" width=\"300\" height=\"169\" srcset=\"https:\/\/www.ecuadoraldia.com.ec\/wp-content\/uploads\/2018\/05\/mo-300x169.jpg 300w, https:\/\/www.ecuadoraldia.com.ec\/wp-content\/uploads\/2018\/05\/mo.jpg 762w\" sizes=\"(max-width: 300px) 100vw, 300px\" \/><\/a><\/p>\n<p>365 d\u00edas pasaron en el per\u00edodo de mandato de Len\u00edn Moreno, un periodo de cambios y sorpresas, sobre todo en lo referente a los casos de corrupci\u00f3n y la distancia que tom\u00f3 del expresidente Rafael Correa.<\/p>\n<p>Moreno se prepar\u00f3 desde temprano para dar su informe a la naci\u00f3n. En este se resumir\u00edan las acciones realizadas durante su primer a\u00f1o de mandato. Seg\u00fan el presidente, en este a\u00f1o \u201cse ha dado pasos firmes para recuperar la democracia y reinstitucionalizar el pa\u00eds\u201d.<\/p>\n<p>Lo que no se puede negar es que, desde el inicio de su mandato, se han dado varias reformas \u2014tanto internas como externas\u2014 en el Estado. Iniciando por la controversial vinculaci\u00f3n del vicepresidente Jorge Glas con el caso de corrupci\u00f3n de Odebrecht, hasta la reciente purga de ministros y ministerios, el mandatario mantiene el Gobierno Nacional abierto a las cr\u00edticas y sugerencias.<\/p>\n<p>La austeridad tambi\u00e9n fue uno de los estandartes que el presidente repiti\u00f3 constantemente. En el documento se\u00f1ala que en las empresas p\u00fablicas de la Funci\u00f3n Ejecutiva se aplic\u00f3 un Modelo de Perfeccionamiento Empresarial. Adem\u00e1s se prev\u00e9 un ahorro de $ 1.000 millones gracias a la optimizaci\u00f3n de recursos en empresas p\u00fablicas e instituciones del Estado: fusi\u00f3n de ministerios, nuevos contratos de trabajo y simplificaci\u00f3n de tr\u00e1mites.<\/p>\n<p>Consulta Popular<\/p>\n<p>La Consulta Popular y Refer\u00e9ndum de pasado 4 de Febrero arroj\u00f3 como resultado la derogaci\u00f3n de la Ley de Plusval\u00eda; los consejeros del CPCCS ser\u00e1n electos mediante voto popular en los sufragios seccionales del 24 marzo de 2019 y el CPCCS-Transitorio eval\u00faa a las actuales autoridades de control.<\/p>\n<p>Tambi\u00e9n se elimin\u00f3 la reelecci\u00f3n indefinida; los sancionados por corrupci\u00f3n no volver\u00e1n al servicio p\u00fablico; los delitos sexuales contra la ni\u00f1ez no prescribir\u00e1n, y se aument\u00f3 la protecci\u00f3n de la naturaleza.<\/p>\n<p>Entre las acciones realizadas en este per\u00edodo, Moreno tambi\u00e9n present\u00f3 gestiones en los \u00e1mbitos de salud, vivienda, reconstrucci\u00f3n, inclusi\u00f3n, transparencia y dem\u00e1s, que puedes revisarlo aqu\u00ed abajo.<\/p>\n<p>&nbsp;<\/p>\n<p>&nbsp;<\/p>\n","protected":false},"excerpt":{"rendered":"<p>365 d\u00edas pasaron en el per\u00edodo de mandato de Len\u00edn Moreno, un periodo de cambios y sorpresas, sobre todo en<\/p>\n","protected":false},"author":1,"featured_media":16599,"comment_status":"closed","ping_status":"closed","sticky":false,"template":"","format":"standard","meta":{"footnotes":""},"categories":[11],"tags":[],"_links":{"self":[{"href":"https:\/\/www.ecuadoraldia.com.ec\/index.php?rest_route=\/wp\/v2\/posts\/16598"}],"collection":[{"href":"https:\/\/www.ecuadoraldia.com.ec\/index.php?rest_route=\/wp\/v2\/posts"}],"about":[{"href":"https:\/\/www.ecuadoraldia.com.ec\/index.php?rest_route=\/wp\/v2\/types\/post"}],"author":[{"embeddable":true,"href":"https:\/\/www.ecuadoraldia.com.ec\/index.php?rest_route=\/wp\/v2\/users\/1"}],"replies":[{"embeddable":true,"href":"https:\/\/www.ecuadoraldia.com.ec\/index.php?rest_route=%2Fwp%2Fv2%2Fcomments&post=16598"}],"version-history":[{"count":1,"href":"https:\/\/www.ecuadoraldia.com.ec\/index.php?rest_route=\/wp\/v2\/posts\/16598\/revisions"}],"predecessor-version":[{"id":16600,"href":"https:\/\/www.ecuadoraldia.com.ec\/index.php?rest_route=\/wp\/v2\/posts\/16598\/revisions\/16600"}],"wp:featuredmedia":[{"embeddable":true,"href":"https:\/\/www.ecuadoraldia.com.ec\/index.php?rest_route=\/wp\/v2\/media\/16599"}],"wp:attachment":[{"href":"https:\/\/www.ecuadoraldia.com.ec\/index.php?rest_route=%2Fwp%2Fv2%2Fmedia&parent=16598"}],"wp:term":[{"taxonomy":"category","embeddable":true,"href":"https:\/\/www.ecuadoraldia.com.ec\/index.php?rest_route=%2Fwp%2Fv2%2Fcategories&post=16598"},{"taxonomy":"post_tag","embeddable":true,"href":"https:\/\/www.ecuadoraldia.com.ec\/index.php?rest_route=%2Fwp%2Fv2%2Ftags&post=16598"}],"curies":[{"name":"wp","href":"https:\/\/api.w.org\/{rel}","templated":true}]}}