{"id":16769,"date":"2018-06-25T16:01:52","date_gmt":"2018-06-25T21:01:52","guid":{"rendered":"http:\/\/www.ecuadoraldia.com.ec\/?p=16769"},"modified":"2018-06-25T16:53:06","modified_gmt":"2018-06-25T21:53:06","slug":"cuerpos-hallados-en-tumaco-son-del-equipo-periodistico-de-el-comercio","status":"publish","type":"post","link":"https:\/\/www.ecuadoraldia.com.ec\/?p=16769","title":{"rendered":"Cuerpos hallados en Tumaco son del equipo period\u00edstico de El Comercio"},"content":{"rendered":"<p><a href=\"http:\/\/www.ecuadoraldia.com.ec\/wp-content\/uploads\/2018\/06\/cuerpor-si-son-de-ellso.jpg\"><\/a><a href=\"http:\/\/www.ecuadoraldia.com.ec\/wp-content\/uploads\/2018\/06\/CUERPOS.jpg\"><img loading=\"lazy\" decoding=\"async\" class=\"alignleft size-medium wp-image-16773\" src=\"http:\/\/www.ecuadoraldia.com.ec\/wp-content\/uploads\/2018\/06\/CUERPOS-300x142.jpg\" alt=\"\" width=\"300\" height=\"142\" srcset=\"https:\/\/www.ecuadoraldia.com.ec\/wp-content\/uploads\/2018\/06\/CUERPOS-300x142.jpg 300w, https:\/\/www.ecuadoraldia.com.ec\/wp-content\/uploads\/2018\/06\/CUERPOS-768x362.jpg 768w, https:\/\/www.ecuadoraldia.com.ec\/wp-content\/uploads\/2018\/06\/CUERPOS-1024x483.jpg 1024w, https:\/\/www.ecuadoraldia.com.ec\/wp-content\/uploads\/2018\/06\/CUERPOS.jpg 1200w\" sizes=\"(max-width: 300px) 100vw, 300px\" \/><\/a><\/p>\n<p>La fiscal\u00eda de Colombia confirm\u00f3 este lunes 25 de junio que los cuerpos hallados en Tumaco, corresponden a los tres miembros del equipo de prensa del diario El Comercio de Quito asesinados en cautiverio por rebeldes disidentes de las FARC liderados por Alias \u00abGuacho\u00bb.<\/p>\n<p>Los cad\u00e1veres, que fueron recuperados el jueves 14 de junio en una zona fronteriza, son de Javier Ortega (32 a\u00f1os), el fot\u00f3grafo Pa\u00fal Rivas (45) y el conductor Efra\u00edn Segarra (60), secuestrados el 26 de marzo, seg\u00fan el jefe del organismo, N\u00e9stor Humberto Mart\u00ednez. \u00abSe le ha informado a los familiares que los cuerpos pertenecen efectivamente a los tres periodistas ecuatorianos\u00bb, dijo el fiscal de Cali, donde se llevaron a cabo los ex\u00e1menes forenses y el cotejo de ADN que permitieron identificar plenamente los restos.<br \/>\n\u00abEste horrendo crimen no va a quedar en la impunidad y muy tempranamente actuar\u00e1 la justicia para que se establezcan las responsabilidades correspondientes\u00bb, sostuvo el funcionario en una breve declaraci\u00f3n a la prensa. Los cuerpos ahora \u00abser\u00e1n entregados a las autoridades ecuatorianas, que ya dispusieron del transporte a\u00e9reo desde Cali para tal efecto\u00bb, indic\u00f3 el gobierno de Juan Manuel Santos en un comunicado difundido por la canciller\u00eda. Sin embargo, no precis\u00f3 la fecha del traslado.<\/p>\n<p>El equipo period\u00edstico de El Comercio cay\u00f3 en poder del grupo que dirige el exguerrillero Walter Arizala, alias de \u00abGuacho\u00bb, cuando realizaban un reportaje en la frontera donde operan bandas narcotraficantes. Pues el 20 de enero de este a\u00f1o genta de Guacho, habr\u00edan sido los responsables de detonar un artefacto en el cuartel de la polic\u00eda de San Lorenzo, lo que motiv\u00f3 al Comercia a enviar un equipo de periodistas para recavar informaci\u00f3n del suceso y sobre la situaci\u00f3n de los pobladores de la zona.<\/p>\n<p>Los tres fueron asesinados en cautiverio en Colombia, seg\u00fan anunci\u00f3 el gobierno ecuatoriano el 13 de abril.<br \/>\nLos captores pretend\u00edan la excarcelaci\u00f3n de allegados a \u00abGuacho\u00bb presos en Ecuador, a cambio de la liberaci\u00f3n de los rehenes.<br \/>\nFueron tres meses de pasadilla para los familiares y amigos de Xavier, Pa\u00fal y Efra\u00edn que a\u00fan no terminan. Nadie a explicado exactamento d\u00f3nde fueron interceptados los period\u00edstas y por qu\u00e9 no se les brind\u00f3 el apoyo policial, si tan peligrosa estaba la situaci\u00f3n. El Comercio tampoco ha informado porque envi\u00f3 a los comunicadores si pedir resguardo.(I)<\/p>\n","protected":false},"excerpt":{"rendered":"<p>La fiscal\u00eda de Colombia confirm\u00f3 este lunes 25 de junio que los cuerpos hallados en Tumaco, corresponden a los tres<\/p>\n","protected":false},"author":1,"featured_media":16773,"comment_status":"closed","ping_status":"closed","sticky":false,"template":"","format":"standard","meta":{"footnotes":""},"categories":[1],"tags":[],"_links":{"self":[{"href":"https:\/\/www.ecuadoraldia.com.ec\/index.php?rest_route=\/wp\/v2\/posts\/16769"}],"collection":[{"href":"https:\/\/www.ecuadoraldia.com.ec\/index.php?rest_route=\/wp\/v2\/posts"}],"about":[{"href":"https:\/\/www.ecuadoraldia.com.ec\/index.php?rest_route=\/wp\/v2\/types\/post"}],"author":[{"embeddable":true,"href":"https:\/\/www.ecuadoraldia.com.ec\/index.php?rest_route=\/wp\/v2\/users\/1"}],"replies":[{"embeddable":true,"href":"https:\/\/www.ecuadoraldia.com.ec\/index.php?rest_route=%2Fwp%2Fv2%2Fcomments&post=16769"}],"version-history":[{"count":3,"href":"https:\/\/www.ecuadoraldia.com.ec\/index.php?rest_route=\/wp\/v2\/posts\/16769\/revisions"}],"predecessor-version":[{"id":16774,"href":"https:\/\/www.ecuadoraldia.com.ec\/index.php?rest_route=\/wp\/v2\/posts\/16769\/revisions\/16774"}],"wp:featuredmedia":[{"embeddable":true,"href":"https:\/\/www.ecuadoraldia.com.ec\/index.php?rest_route=\/wp\/v2\/media\/16773"}],"wp:attachment":[{"href":"https:\/\/www.ecuadoraldia.com.ec\/index.php?rest_route=%2Fwp%2Fv2%2Fmedia&parent=16769"}],"wp:term":[{"taxonomy":"category","embeddable":true,"href":"https:\/\/www.ecuadoraldia.com.ec\/index.php?rest_route=%2Fwp%2Fv2%2Fcategories&post=16769"},{"taxonomy":"post_tag","embeddable":true,"href":"https:\/\/www.ecuadoraldia.com.ec\/index.php?rest_route=%2Fwp%2Fv2%2Ftags&post=16769"}],"curies":[{"name":"wp","href":"https:\/\/api.w.org\/{rel}","templated":true}]}}