{"id":1680,"date":"2014-03-24T18:10:22","date_gmt":"2014-03-24T18:10:22","guid":{"rendered":"http:\/\/www.ecuadoraldia.com.ec\/?p=1680"},"modified":"2014-03-24T18:10:22","modified_gmt":"2014-03-24T18:10:22","slug":"ministerio-aclara-que-acuerdo-no-modifica-malla-curricular-de-ingles-vigente","status":"publish","type":"post","link":"https:\/\/www.ecuadoraldia.com.ec\/?p=1680","title":{"rendered":"Ministerio aclara que acuerdo no modifica malla curricular de ingl\u00e9s vigente"},"content":{"rendered":"<p><a href=\"http:\/\/www.ecuadoraldia.com.ec\/wp-content\/uploads\/2014\/03\/inlges-ninosUEM.jpg\"><img loading=\"lazy\" decoding=\"async\" src=\"http:\/\/www.ecuadoraldia.com.ec\/wp-content\/uploads\/2014\/03\/inlges-ninosUEM-300x200.jpg\" alt=\"inlges ninosUEM\" width=\"300\" height=\"200\" class=\"alignleft size-medium wp-image-1681\" srcset=\"https:\/\/www.ecuadoraldia.com.ec\/wp-content\/uploads\/2014\/03\/inlges-ninosUEM-300x200.jpg 300w, https:\/\/www.ecuadoraldia.com.ec\/wp-content\/uploads\/2014\/03\/inlges-ninosUEM.jpg 600w\" sizes=\"(max-width: 300px) 100vw, 300px\" \/><\/a>El presente acuerdo aclara adem\u00e1s, en su art\u00edculo dos, que la figura de clubes puede utilizarse para trabajar actividades de tipo art\u00edstico-culturales, deportivas, cient\u00edficas y de interacci\u00f3n y vida pr\u00e1ctica, entre las que se integran los clubes de idiomas.<\/p>\n<p>El MinEduc puntualiza que contin\u00faa trabajando en el desarrollo del Proyecto de Fortalecimiento de la Ense\u00f1anza de Ingl\u00e9s como Lengua Extranjera con el objetivo de que los estudiantes ecuatorianos alcancen un nivel funcional de uso de la lengua inglesa y cuyo desarrollo contempla:<\/p>\n<p>Revisi\u00f3n curricular.<\/p>\n<p>Evaluaci\u00f3n y capacitaci\u00f3n docente: Proyecto GO TEACHER integrado por m\u00e1s de 700 docentes que reciben formaci\u00f3n en Ingl\u00e9s en el extranjero, para integrarse al sistema p\u00fablico.<\/p>\n<p>Dotaci\u00f3n de tecnolog\u00eda para uso de los docentes de Ingl\u00e9s.<\/p>\n<p>Todas las nuevas Unidades Educativas y las repotenciadas (m\u00e1s de 400) en 2014, a nivel nacional, contar\u00e1n con una planta docente \u00f3ptima y ofertar\u00e1n idioma Ingl\u00e9s desde los primero a\u00f1os de EGB.<\/p>\n","protected":false},"excerpt":{"rendered":"<p>El presente acuerdo aclara adem\u00e1s, en su art\u00edculo dos, que la figura de clubes puede utilizarse para trabajar actividades de<\/p>\n","protected":false},"author":1,"featured_media":0,"comment_status":"open","ping_status":"open","sticky":false,"template":"","format":"standard","meta":{"footnotes":""},"categories":[4],"tags":[],"_links":{"self":[{"href":"https:\/\/www.ecuadoraldia.com.ec\/index.php?rest_route=\/wp\/v2\/posts\/1680"}],"collection":[{"href":"https:\/\/www.ecuadoraldia.com.ec\/index.php?rest_route=\/wp\/v2\/posts"}],"about":[{"href":"https:\/\/www.ecuadoraldia.com.ec\/index.php?rest_route=\/wp\/v2\/types\/post"}],"author":[{"embeddable":true,"href":"https:\/\/www.ecuadoraldia.com.ec\/index.php?rest_route=\/wp\/v2\/users\/1"}],"replies":[{"embeddable":true,"href":"https:\/\/www.ecuadoraldia.com.ec\/index.php?rest_route=%2Fwp%2Fv2%2Fcomments&post=1680"}],"version-history":[{"count":1,"href":"https:\/\/www.ecuadoraldia.com.ec\/index.php?rest_route=\/wp\/v2\/posts\/1680\/revisions"}],"predecessor-version":[{"id":1682,"href":"https:\/\/www.ecuadoraldia.com.ec\/index.php?rest_route=\/wp\/v2\/posts\/1680\/revisions\/1682"}],"wp:attachment":[{"href":"https:\/\/www.ecuadoraldia.com.ec\/index.php?rest_route=%2Fwp%2Fv2%2Fmedia&parent=1680"}],"wp:term":[{"taxonomy":"category","embeddable":true,"href":"https:\/\/www.ecuadoraldia.com.ec\/index.php?rest_route=%2Fwp%2Fv2%2Fcategories&post=1680"},{"taxonomy":"post_tag","embeddable":true,"href":"https:\/\/www.ecuadoraldia.com.ec\/index.php?rest_route=%2Fwp%2Fv2%2Ftags&post=1680"}],"curies":[{"name":"wp","href":"https:\/\/api.w.org\/{rel}","templated":true}]}}