{"id":16822,"date":"2018-07-04T16:51:57","date_gmt":"2018-07-04T21:51:57","guid":{"rendered":"http:\/\/www.ecuadoraldia.com.ec\/?p=16822"},"modified":"2018-07-04T17:00:08","modified_gmt":"2018-07-04T22:00:08","slug":"ecuador-envia-notas-de-protestas-a-morales-y-maduro-por-comentarios-en-caso-balda","status":"publish","type":"post","link":"https:\/\/www.ecuadoraldia.com.ec\/?p=16822","title":{"rendered":"Ecuador env\u00eda notas de protestas a Morales y Maduro  por comentarios en caso Balda"},"content":{"rendered":"<p><a href=\"http:\/\/www.ecuadoraldia.com.ec\/wp-content\/uploads\/2018\/07\/protesta.jpg\"><img loading=\"lazy\" decoding=\"async\" class=\"alignleft size-medium wp-image-16823\" src=\"http:\/\/www.ecuadoraldia.com.ec\/wp-content\/uploads\/2018\/07\/protesta-300x142.jpg\" alt=\"\" width=\"300\" height=\"142\" srcset=\"https:\/\/www.ecuadoraldia.com.ec\/wp-content\/uploads\/2018\/07\/protesta-300x142.jpg 300w, https:\/\/www.ecuadoraldia.com.ec\/wp-content\/uploads\/2018\/07\/protesta-768x362.jpg 768w, https:\/\/www.ecuadoraldia.com.ec\/wp-content\/uploads\/2018\/07\/protesta-1024x483.jpg 1024w, https:\/\/www.ecuadoraldia.com.ec\/wp-content\/uploads\/2018\/07\/protesta.jpg 1200w\" sizes=\"(max-width: 300px) 100vw, 300px\" \/><\/a><\/p>\n<p>El gobierno de Ecuador remiti\u00f3 notas de protestas a Venezuela y Bolivia por las expresiones de sus presidentes, Nicol\u00e1s Maduro y Evo Morales, respectivamente, en la que se refieren al proceso jur\u00eddico en contra del exmandatario Rafael C.<\/p>\n<p>Una vez que el martes 3 de julio se conoci\u00f3 la orden de prisi\u00f3n preventiva en contra de Rafael C. por su presunta participaci\u00f3n en el secuestro del exasamble\u00edsta Fernando Balda, en 2012, tanto Morales como Maduro criticaron el dictamen y acusaron de falta de independencia de la justicia en Ecuador. \u00abRechazamos solicitud de la Fiscal\u00eda de Ecuador de prisi\u00f3n preventiva contra el expresidente de ese pa\u00eds, Hno. @MashiRafael.<\/p>\n<p>Denunciamos politizaci\u00f3n de la justicia ecuatoriana e injerencia de #EEUU en intenci\u00f3n de encarcelar a un inocente. Estamos contigo Hno. Correa \u00a1Venceremos!\u00bb, public\u00f3 en Twitter Morales pocas horas despu\u00e9s de conocida la decisi\u00f3n de la jueza Daniella Camacho. Mientras que Maduro, por la misma v\u00eda, public\u00f3: \u00abPrimero Cristina. Luego Lula. Ahora Rafael Correa. Cese a la persecuci\u00f3n contra los l\u00edderes aut\u00e9nticos de nuestra Am\u00e9rica.<\/p>\n<p>La Revoluci\u00f3n Bolivariana se solidariza con el pueblo de Ecuador y @MashiRafael\u00bb. Ante estos mensajes, el canciller de Ecuador, Jos\u00e9 Valencia, anunci\u00f3 el env\u00edo de notas de protestas a ambas naciones. Tambi\u00e9n se llam\u00f3 a consultas al embajador de Ecuador en Bolivia, Franklin Columba. Adem\u00e1s se suspendi\u00f3 el viaje de Fabi\u00e1n Solano quien iba a comandar la legaci\u00f3n ecuatoriana en Caracas.<\/p>\n<p>\u201cExigimos como Gobierno democr\u00e1tico el respeto de gobiernos vecinos a nuestra divisi\u00f3n de poderes y al trabajo que el poder judicial est\u00e1 realizado en el Ecuador\u201d, ley\u00f3 el Canciller de la Rep\u00fablica, Jos\u00e9 Valencia Amores. De su lado, Juan Sebasti\u00e1n Rold\u00e1n, secretario de la Presidencia, dijo que todas la instituciones deben actuar con probidad y apegados a la ley. Agreg\u00f3 que le presidente Len\u00edn Moreno respeta la autonom\u00eda de las funciones del Estado.<\/p>\n<p>El Gobierno llama a consulta a embajador de Ecuador en Bolivia, Franklin Columba y se posterga en envio del nuevo embajador en Venezuela.(I)<\/p>\n<p>&nbsp;<\/p>\n","protected":false},"excerpt":{"rendered":"<p>El gobierno de Ecuador remiti\u00f3 notas de protestas a Venezuela y Bolivia por las expresiones de sus presidentes, Nicol\u00e1s Maduro<\/p>\n","protected":false},"author":1,"featured_media":16823,"comment_status":"closed","ping_status":"closed","sticky":false,"template":"","format":"standard","meta":{"footnotes":""},"categories":[1],"tags":[],"_links":{"self":[{"href":"https:\/\/www.ecuadoraldia.com.ec\/index.php?rest_route=\/wp\/v2\/posts\/16822"}],"collection":[{"href":"https:\/\/www.ecuadoraldia.com.ec\/index.php?rest_route=\/wp\/v2\/posts"}],"about":[{"href":"https:\/\/www.ecuadoraldia.com.ec\/index.php?rest_route=\/wp\/v2\/types\/post"}],"author":[{"embeddable":true,"href":"https:\/\/www.ecuadoraldia.com.ec\/index.php?rest_route=\/wp\/v2\/users\/1"}],"replies":[{"embeddable":true,"href":"https:\/\/www.ecuadoraldia.com.ec\/index.php?rest_route=%2Fwp%2Fv2%2Fcomments&post=16822"}],"version-history":[{"count":3,"href":"https:\/\/www.ecuadoraldia.com.ec\/index.php?rest_route=\/wp\/v2\/posts\/16822\/revisions"}],"predecessor-version":[{"id":16826,"href":"https:\/\/www.ecuadoraldia.com.ec\/index.php?rest_route=\/wp\/v2\/posts\/16822\/revisions\/16826"}],"wp:featuredmedia":[{"embeddable":true,"href":"https:\/\/www.ecuadoraldia.com.ec\/index.php?rest_route=\/wp\/v2\/media\/16823"}],"wp:attachment":[{"href":"https:\/\/www.ecuadoraldia.com.ec\/index.php?rest_route=%2Fwp%2Fv2%2Fmedia&parent=16822"}],"wp:term":[{"taxonomy":"category","embeddable":true,"href":"https:\/\/www.ecuadoraldia.com.ec\/index.php?rest_route=%2Fwp%2Fv2%2Fcategories&post=16822"},{"taxonomy":"post_tag","embeddable":true,"href":"https:\/\/www.ecuadoraldia.com.ec\/index.php?rest_route=%2Fwp%2Fv2%2Ftags&post=16822"}],"curies":[{"name":"wp","href":"https:\/\/api.w.org\/{rel}","templated":true}]}}