{"id":1683,"date":"2014-03-24T22:59:08","date_gmt":"2014-03-24T22:59:08","guid":{"rendered":"http:\/\/www.ecuadoraldia.com.ec\/?p=1683"},"modified":"2014-03-24T22:59:08","modified_gmt":"2014-03-24T22:59:08","slug":"congresista-venezuelana-es-destituida-del-cargo","status":"publish","type":"post","link":"https:\/\/www.ecuadoraldia.com.ec\/?p=1683","title":{"rendered":"Congresista Venezuelana  es destituida del cargo"},"content":{"rendered":"<p><a href=\"http:\/\/www.ecuadoraldia.com.ec\/wp-content\/uploads\/2014\/03\/MACHADO.jpg\"><img loading=\"lazy\" decoding=\"async\" src=\"http:\/\/www.ecuadoraldia.com.ec\/wp-content\/uploads\/2014\/03\/MACHADO-300x222.jpg\" alt=\"MACHADO\" width=\"300\" height=\"222\" class=\"alignleft size-medium wp-image-1684\" srcset=\"https:\/\/www.ecuadoraldia.com.ec\/wp-content\/uploads\/2014\/03\/MACHADO-300x222.jpg 300w, https:\/\/www.ecuadoraldia.com.ec\/wp-content\/uploads\/2014\/03\/MACHADO.jpg 450w\" sizes=\"(max-width: 300px) 100vw, 300px\" \/><\/a>El presidente de la Asamblea Nacional (AN, Parlamento) venezolana, Diosdado Cabello, anunci\u00f3 hoy que la opositora Mar\u00eda Corina Machado perdi\u00f3 su condici\u00f3n de diputada por haber aceptado ser representante alterna de Panam\u00e1 ante la Organizaci\u00f3n de Estados Americanos (OEA).<\/p>\n<p>\u00abEsta se\u00f1ora acept\u00f3 el cargo, no es accidental, se\u00f1ora Machado, deja de ser diputada y nosotros estamos girando instrucciones a partir de este momento para que a la Asamblea Nacional la se\u00f1ora Machado no vuelva a entrar como diputada por lo menos en este periodo\u00bb, indic\u00f3 Cabello en una rueda de prensa.<\/p>\n<p>\u00ab\u00bfQu\u00e9 significa que no es diputada?: no tiene inmunidad parlamentaria, no tiene acceso a la AN como cualquier diputado, puede ser investigada directamente por todas las cosas que han venido ocurriendo y a eso habr\u00eda que sumarle con m\u00e1s fuerza traici\u00f3n a la patria\u00bb, agreg\u00f3.<\/p>\n<p>Cabello indic\u00f3 que Machado fue acreditada el pasado d\u00eda 20 como representante alterna de la Rep\u00fablica de Panam\u00e1 ante la OEA \u00aba partir de la fecha\u00bb, lo cual, en su opini\u00f3n, contraviene el art\u00edculo 191 de la Constituci\u00f3n.<\/p>\n<p>Ese art\u00edculo se\u00f1ala que \u00ablos diputados o diputadas a la Asamblea Nacional no podr\u00e1n aceptar o ejercer cargos p\u00fablicos sin perder su investidura, salvo en actividades docentes, acad\u00e9micas, accidentales o asistenciales, siempre que no supongan dedicaci\u00f3n exclusiva\u00bb.<\/p>\n<p>Machado intent\u00f3 la semana pasada participar en la sesi\u00f3n del Consejo Permanente de la OEA acreditada por el Gobierno de Panam\u00e1 como representante alterna para presentar denuncias de la \u00abrepresi\u00f3n\u00bb que, dice, existe en Venezuela contra manifestantes que participan en las protestas contra el Gobierno.<\/p>\n<p>Sin embargo, los pa\u00edses afines a Venezuela hicieron uso de una serie de recursos de procedimiento para impedir el uso de la palabra a Machado, que apenas pudo hablar durante unos segundos al final.<\/p>\n<p>Cabello afirm\u00f3 que en Washington Machado hizo declaraciones y peticiones como que si fuera funcionaria del Gobierno paname\u00f1o en algo que tild\u00f3 de \u00abp\u00fablico, notorio y comunicacional\u00bb.<\/p>\n<p>Adem\u00e1s, seg\u00fan dijo, acept\u00f3 el nombramiento paname\u00f1o \u00abejerci\u00f3 y ejerce en este momento porque ella dijo que no hab\u00eda hablado ese d\u00eda, pero que en otro momento le tocar\u00e1 hablar\u00bb.<\/p>\n<p>Indic\u00f3 que Machado ser\u00e1 sustituida por su diputado suplente, dejar\u00e1 de percibir su salario como parlamentaria y no tendr\u00e1 acceso a su despacho de parlamentaria en la AN.<\/p>\n<p>\u00abA lo mejor esa se\u00f1ora no se ha le\u00eddo nunca esta constituci\u00f3n, a lo mejor esa se\u00f1ora carga en un bolsillo la constituci\u00f3n de Panam\u00e1 porque ella es funcionaria del Gobierno paname\u00f1o\u00bb, se\u00f1al\u00f3 Cabello mostrando la Constituci\u00f3n venezolana.<\/p>\n<p>El presidente de la AN argument\u00f3 que el hecho de que Panam\u00e1 la acreditara la semana pasada supone adem\u00e1s la violaci\u00f3n del articulo 149 de la Constituci\u00f3n, que establece que \u00ablos funcionarios p\u00fablicos y funcionarias p\u00fablicas no podr\u00e1n aceptar cargos, honores o recompensas de gobiernos extranjeros sin la autorizaci\u00f3n de la Asamblea Nacional\u00bb.<\/p>\n<p>\u00abEsta violaci\u00f3n de este art\u00edculo 149 queremos agreg\u00e1rsela a la investigaci\u00f3n que lleva la AN para que sea sumada a esa investigaci\u00f3n que ya tiene una serie de delitos, o supuestos de algunos delitos cometidos por esta persona\u00bb, indic\u00f3.<\/p>\n<p>\u00abNosotros vamos a llevarla al Ministerio P\u00fablico para que se sume a la investigaci\u00f3n ya iniciada de la se\u00f1ora Mar\u00eda Corina Machado\u00bb, se\u00f1al\u00f3.<\/p>\n<p>El pasado d\u00eda 18, el Parlamento venezolano con aprobaci\u00f3n de la mayor\u00eda chavista present\u00f3 ante la Fiscal\u00eda General una serie de documentos para que investigue a Machado con el fin de allanar su inmunidad parlamentaria y juzgarla por los hechos violentos del \u00faltimo mes.<\/p>\n<p>Venezuela est\u00e1 sumida en una oleada de protestas contra el Gobierno de Nicol\u00e1s Maduro que ha dejado un balance de m\u00e1s de una treintena de muertos, m\u00e1s de 400 heridos y casi dos millares detenidos, la mayor\u00eda de ellos ya libres con medidas cautelares.<\/p>\n","protected":false},"excerpt":{"rendered":"<p>El presidente de la Asamblea Nacional (AN, Parlamento) venezolana, Diosdado Cabello, anunci\u00f3 hoy que la opositora Mar\u00eda Corina Machado perdi\u00f3<\/p>\n","protected":false},"author":1,"featured_media":0,"comment_status":"open","ping_status":"open","sticky":false,"template":"","format":"standard","meta":{"footnotes":""},"categories":[7],"tags":[],"_links":{"self":[{"href":"https:\/\/www.ecuadoraldia.com.ec\/index.php?rest_route=\/wp\/v2\/posts\/1683"}],"collection":[{"href":"https:\/\/www.ecuadoraldia.com.ec\/index.php?rest_route=\/wp\/v2\/posts"}],"about":[{"href":"https:\/\/www.ecuadoraldia.com.ec\/index.php?rest_route=\/wp\/v2\/types\/post"}],"author":[{"embeddable":true,"href":"https:\/\/www.ecuadoraldia.com.ec\/index.php?rest_route=\/wp\/v2\/users\/1"}],"replies":[{"embeddable":true,"href":"https:\/\/www.ecuadoraldia.com.ec\/index.php?rest_route=%2Fwp%2Fv2%2Fcomments&post=1683"}],"version-history":[{"count":1,"href":"https:\/\/www.ecuadoraldia.com.ec\/index.php?rest_route=\/wp\/v2\/posts\/1683\/revisions"}],"predecessor-version":[{"id":1685,"href":"https:\/\/www.ecuadoraldia.com.ec\/index.php?rest_route=\/wp\/v2\/posts\/1683\/revisions\/1685"}],"wp:attachment":[{"href":"https:\/\/www.ecuadoraldia.com.ec\/index.php?rest_route=%2Fwp%2Fv2%2Fmedia&parent=1683"}],"wp:term":[{"taxonomy":"category","embeddable":true,"href":"https:\/\/www.ecuadoraldia.com.ec\/index.php?rest_route=%2Fwp%2Fv2%2Fcategories&post=1683"},{"taxonomy":"post_tag","embeddable":true,"href":"https:\/\/www.ecuadoraldia.com.ec\/index.php?rest_route=%2Fwp%2Fv2%2Ftags&post=1683"}],"curies":[{"name":"wp","href":"https:\/\/api.w.org\/{rel}","templated":true}]}}