{"id":1686,"date":"2014-03-24T23:07:36","date_gmt":"2014-03-24T23:07:36","guid":{"rendered":"http:\/\/www.ecuadoraldia.com.ec\/?p=1686"},"modified":"2014-03-24T23:07:36","modified_gmt":"2014-03-24T23:07:36","slug":"sosa-se-ratifica-como-prefecta-de-esmeraldas","status":"publish","type":"post","link":"https:\/\/www.ecuadoraldia.com.ec\/?p=1686","title":{"rendered":"Sosa se ratifica como Prefecta de Esmeraldas"},"content":{"rendered":"<p><a href=\"http:\/\/www.ecuadoraldia.com.ec\/wp-content\/uploads\/2014\/03\/lucia_sosa.jpg\"><img loading=\"lazy\" decoding=\"async\" src=\"http:\/\/www.ecuadoraldia.com.ec\/wp-content\/uploads\/2014\/03\/lucia_sosa-300x200.jpg\" alt=\"lucia_sosa\" width=\"300\" height=\"200\" class=\"alignleft size-medium wp-image-1687\" srcset=\"https:\/\/www.ecuadoraldia.com.ec\/wp-content\/uploads\/2014\/03\/lucia_sosa-300x200.jpg 300w, https:\/\/www.ecuadoraldia.com.ec\/wp-content\/uploads\/2014\/03\/lucia_sosa.jpg 580w\" sizes=\"(max-width: 300px) 100vw, 300px\" \/><\/a>Los resultados del escrutinio de las votaciones en Muisne dan la victoria a Luc\u00eda Sosa como prefecta de Esmeraldas por el Movimiento Popular Democr\u00e1tico (MPD) con 2.622 votos alcanzados en las elecciones de ayer. Estos votos sumados a los 88.082, que obtuvo en las votaciones del pasado 23 de febrero dan un total de 90.704.<\/p>\n<p>En cambio, Iv\u00e1n Hurtado del oficialismo alcanz\u00f3 2.687 votos ayer m\u00e1s los 85.665 sufragios de las elecciones pasadas que suman 88.352.<\/p>\n<p>As\u00ed, Sosa se declara la ganadora con 2.622 votos de diferencia. Estos datos est\u00e1n colgados en la p\u00e1gina web del Consejo Nacional Electoral (CNE).<\/p>\n<p>En cambio Walker Vera gan\u00f3 la alcald\u00eda de la isla por el movimiento Alianza Pa\u00eds con 2.572 votos (47,45%) frente a su mayor contrincante, Pa\u00fal V\u00e9lez de Avanza, quien obtuvo 1.315 (24,26%).<\/p>\n<p>A la jornada electoral estaba convocados 8.435 habitantes Muisne. Se registr\u00f3 un ausentismo de 2.307 personas.<\/p>\n<p>Los datos de Santa Rita se entregar\u00e1n en un segundo informe.<\/p>\n","protected":false},"excerpt":{"rendered":"<p>Los resultados del escrutinio de las votaciones en Muisne dan la victoria a Luc\u00eda Sosa como prefecta de Esmeraldas por<\/p>\n","protected":false},"author":1,"featured_media":0,"comment_status":"open","ping_status":"open","sticky":false,"template":"","format":"standard","meta":{"footnotes":""},"categories":[1],"tags":[],"_links":{"self":[{"href":"https:\/\/www.ecuadoraldia.com.ec\/index.php?rest_route=\/wp\/v2\/posts\/1686"}],"collection":[{"href":"https:\/\/www.ecuadoraldia.com.ec\/index.php?rest_route=\/wp\/v2\/posts"}],"about":[{"href":"https:\/\/www.ecuadoraldia.com.ec\/index.php?rest_route=\/wp\/v2\/types\/post"}],"author":[{"embeddable":true,"href":"https:\/\/www.ecuadoraldia.com.ec\/index.php?rest_route=\/wp\/v2\/users\/1"}],"replies":[{"embeddable":true,"href":"https:\/\/www.ecuadoraldia.com.ec\/index.php?rest_route=%2Fwp%2Fv2%2Fcomments&post=1686"}],"version-history":[{"count":1,"href":"https:\/\/www.ecuadoraldia.com.ec\/index.php?rest_route=\/wp\/v2\/posts\/1686\/revisions"}],"predecessor-version":[{"id":1688,"href":"https:\/\/www.ecuadoraldia.com.ec\/index.php?rest_route=\/wp\/v2\/posts\/1686\/revisions\/1688"}],"wp:attachment":[{"href":"https:\/\/www.ecuadoraldia.com.ec\/index.php?rest_route=%2Fwp%2Fv2%2Fmedia&parent=1686"}],"wp:term":[{"taxonomy":"category","embeddable":true,"href":"https:\/\/www.ecuadoraldia.com.ec\/index.php?rest_route=%2Fwp%2Fv2%2Fcategories&post=1686"},{"taxonomy":"post_tag","embeddable":true,"href":"https:\/\/www.ecuadoraldia.com.ec\/index.php?rest_route=%2Fwp%2Fv2%2Ftags&post=1686"}],"curies":[{"name":"wp","href":"https:\/\/api.w.org\/{rel}","templated":true}]}}