{"id":1692,"date":"2014-03-25T22:06:52","date_gmt":"2014-03-25T22:06:52","guid":{"rendered":"http:\/\/www.ecuadoraldia.com.ec\/?p=1692"},"modified":"2014-03-25T22:06:52","modified_gmt":"2014-03-25T22:06:52","slug":"maduro-anuncia-la-detencion-de-tres-generales-por-su-vinculacion-con-planes-golpistas","status":"publish","type":"post","link":"https:\/\/www.ecuadoraldia.com.ec\/?p=1692","title":{"rendered":"Maduro anuncia la detenci\u00f3n de tres generales por su vinculaci\u00f3n con planes golpistas"},"content":{"rendered":"<p><a href=\"http:\/\/www.ecuadoraldia.com.ec\/wp-content\/uploads\/2014\/03\/maduro.jpg\"><img loading=\"lazy\" decoding=\"async\" src=\"http:\/\/www.ecuadoraldia.com.ec\/wp-content\/uploads\/2014\/03\/maduro-300x186.jpg\" alt=\"maduro\" width=\"300\" height=\"186\" class=\"alignleft size-medium wp-image-1693\" srcset=\"https:\/\/www.ecuadoraldia.com.ec\/wp-content\/uploads\/2014\/03\/maduro-300x186.jpg 300w, https:\/\/www.ecuadoraldia.com.ec\/wp-content\/uploads\/2014\/03\/maduro.jpg 970w\" sizes=\"(max-width: 300px) 100vw, 300px\" \/><\/a>\u00abTengo que decirles aqu\u00ed, sorprenderlos, pero tengo que dec\u00edrselo: en la noche de ayer capturamos a tres generales de la Aviaci\u00f3n que ven\u00edamos investigando gracias a la poderosa moral de nuestra Fuerza Armada Nacional Bolivariana. Tres generales que pretend\u00edan alzarse contra el gobierno leg\u00edtimamente constituido\u00bb, dijo Maduro sin revelar los nombres de los militares, a los que acus\u00f3 de tener \u00abv\u00ednculos directos con sectores de la oposici\u00f3n\u00bb.<\/p>\n<p>Explic\u00f3 que los militares fueron descubiertos \u00abproducto de la conciencia de los oficiales\u00bb.<\/p>\n<p>\u00abTodos, todos vinieron alarmados a denunciar que se les estaba convocando a un golpe de Estado\u00bb, apunt\u00f3.<\/p>\n<p>Maduro dijo que los generales detenidos tienen \u00abv\u00ednculos directos con sectores de la oposici\u00f3n\u00bb y que dec\u00edan que esta \u00abera la semana decisiva\u00bb.<\/p>\n<p>\u00abSe la pasan en eso, en una guerra psicol\u00f3gica entre ellos mismos (&#8230;) caos en los servicios, Venezuela la iban a apagar y ven\u00eda esta situaci\u00f3n creyendo ellos que Venezuela no tiene c\u00f3mo defenderse y creyendo ellos que estamos en los tiempos de golpes de Estado\u00bb, agreg\u00f3 el gobernante.<\/p>\n<p>El presidente venezolano lament\u00f3 que los oficiales haya perdido su carrera \u00abescuchando consejas de quienes quieren destruir la democracia\u00bb.<\/p>\n<p>\u00abEn Venezuela no hay una situaci\u00f3n como se ha querido vender en el mundo de protestas frente a circunstancias\u00bb, agreg\u00f3, al subrayar que en todos los pa\u00edses del mundo hay descontento con alguna situaci\u00f3n.<\/p>\n<p>Las declaraciones del mandatario venezolano se dieron al inicio de una reuni\u00f3n con cancilleres de la Uni\u00f3n de Naciones Suramericanas (Unasur), misi\u00f3n que lleg\u00f3 a Caracas para \u00abacompa\u00f1ar, apoyar y asesorar\u00bb el di\u00e1logo pol\u00edtico lanzado por el Gobierno venezolano para superar el clima de crisis por las protestas contra el pa\u00eds.<\/p>\n<p>Entre los cancilleres figuran la colombiana, Mar\u00eda \u00c1ngela Holgu\u00edn; el argentino, H\u00e9ctor Timerman; el boliviano, David Choquehuanca; el ecuatoriano, Ricardo Pati\u00f1o, y el brasile\u00f1o, Luiz Alberto Figueiredo, as\u00ed como el secretario de Unasur, el venezolano Al\u00ed Rodr\u00edguez.<\/p>\n","protected":false},"excerpt":{"rendered":"<p>\u00abTengo que decirles aqu\u00ed, sorprenderlos, pero tengo que dec\u00edrselo: en la noche de ayer capturamos a tres generales de la<\/p>\n","protected":false},"author":1,"featured_media":0,"comment_status":"open","ping_status":"open","sticky":false,"template":"","format":"standard","meta":{"footnotes":""},"categories":[7],"tags":[],"_links":{"self":[{"href":"https:\/\/www.ecuadoraldia.com.ec\/index.php?rest_route=\/wp\/v2\/posts\/1692"}],"collection":[{"href":"https:\/\/www.ecuadoraldia.com.ec\/index.php?rest_route=\/wp\/v2\/posts"}],"about":[{"href":"https:\/\/www.ecuadoraldia.com.ec\/index.php?rest_route=\/wp\/v2\/types\/post"}],"author":[{"embeddable":true,"href":"https:\/\/www.ecuadoraldia.com.ec\/index.php?rest_route=\/wp\/v2\/users\/1"}],"replies":[{"embeddable":true,"href":"https:\/\/www.ecuadoraldia.com.ec\/index.php?rest_route=%2Fwp%2Fv2%2Fcomments&post=1692"}],"version-history":[{"count":1,"href":"https:\/\/www.ecuadoraldia.com.ec\/index.php?rest_route=\/wp\/v2\/posts\/1692\/revisions"}],"predecessor-version":[{"id":1694,"href":"https:\/\/www.ecuadoraldia.com.ec\/index.php?rest_route=\/wp\/v2\/posts\/1692\/revisions\/1694"}],"wp:attachment":[{"href":"https:\/\/www.ecuadoraldia.com.ec\/index.php?rest_route=%2Fwp%2Fv2%2Fmedia&parent=1692"}],"wp:term":[{"taxonomy":"category","embeddable":true,"href":"https:\/\/www.ecuadoraldia.com.ec\/index.php?rest_route=%2Fwp%2Fv2%2Fcategories&post=1692"},{"taxonomy":"post_tag","embeddable":true,"href":"https:\/\/www.ecuadoraldia.com.ec\/index.php?rest_route=%2Fwp%2Fv2%2Ftags&post=1692"}],"curies":[{"name":"wp","href":"https:\/\/api.w.org\/{rel}","templated":true}]}}