{"id":17123,"date":"2018-10-01T11:44:34","date_gmt":"2018-10-01T16:44:34","guid":{"rendered":"http:\/\/www.ecuadoraldia.com.ec\/?p=17123"},"modified":"2018-10-01T14:14:53","modified_gmt":"2018-10-01T19:14:53","slug":"jornadas-deportivas-de-la-unidad-educativa-andrew-giordano-bruno","status":"publish","type":"post","link":"https:\/\/www.ecuadoraldia.com.ec\/?p=17123","title":{"rendered":"Jornadas deportivas \u00a0Andrew &#8211; Giordano Bruno. (V\u00eddeo)"},"content":{"rendered":"<p><a href=\"http:\/\/www.ecuadoraldia.com.ec\/wp-content\/uploads\/2018\/10\/p2.jpg\"><img loading=\"lazy\" decoding=\"async\" class=\"alignleft size-medium wp-image-17124\" src=\"http:\/\/www.ecuadoraldia.com.ec\/wp-content\/uploads\/2018\/10\/p2-300x146.jpg\" alt=\"\" width=\"300\" height=\"146\" srcset=\"https:\/\/www.ecuadoraldia.com.ec\/wp-content\/uploads\/2018\/10\/p2-300x146.jpg 300w, https:\/\/www.ecuadoraldia.com.ec\/wp-content\/uploads\/2018\/10\/p2.jpg 726w\" sizes=\"(max-width: 300px) 100vw, 300px\" \/><\/a><\/p>\n<p>Quito, lunes 1 de octubre de 2018. El s\u00e1bado 29 de septiembre de 2018, la Unidad Educativa Andrew- Giordano Bruno, inaugur\u00f3 las jornadas deportivas internas, en las que participan los estudiantes de las secciones Pre primaria, primaria y secundaria.<\/p>\n<p>En esta primera etapa se iniciaron \u00a0los juegos de las secciones primaria y octavo de b\u00e1sica, es decir primer a\u00f1o de colegio.<\/p>\n<p>La inauguraci\u00f3n se realiz\u00f3 desde muy temprano con la participaci\u00f3n de los estudiantes de todas las secciones, cada aula present\u00f3 su pancarta alusiva a las disciplinas deportivas. Este per\u00edodo 2018-2019, estuvo matizada por la participaci\u00f3n de padres de familias y docentes.<\/p>\n<p>Adem\u00e1s hubo la premiaci\u00f3n a las madrinas finalistas de los equipos, cabe destacar que por disposici\u00f3n del Ministerio de Educaci\u00f3n, ya no hay elecci\u00f3n de madrinas y reinas, pues todas son ganadoras.<\/p>\n<p>Posteriormente, se realiz\u00f3 el encuentro entre las madres de familia de los quintos, sextos y s\u00e9ptimos de educaci\u00f3n b\u00e1sica. El partido termin\u00f3 a dos goles por bando; pero el ganador ten\u00eda que definirse por \u201cpenales\u201d, resultando ganadoras las maestras del plantel, quienes saltaban de alegr\u00eda, hasta dieron la vuelta ol\u00edmpica en la cancha.<\/p>\n<p>Este tipo de eventos se realizan para confraternizar entre quienes conforman la instituci\u00f3n sin ning\u00fan tipo de rivalidad en los partidos; se trata de pasar momentos de hermandad entre padres, maestros y alumnos.<\/p>\n<p><iframe loading=\"lazy\" width=\"800\" height=\"450\" src=\"https:\/\/www.youtube.com\/embed\/5PLN-3SljS4?feature=oembed\" frameborder=\"0\" allow=\"autoplay; encrypted-media\" allowfullscreen><\/iframe><\/p>\n<p><a href=\"http:\/\/www.ecuadoraldia.com.ec\/wp-content\/uploads\/2018\/10\/limpiesa.jpg\"><img loading=\"lazy\" decoding=\"async\" class=\"alignleft size-medium wp-image-17125\" src=\"http:\/\/www.ecuadoraldia.com.ec\/wp-content\/uploads\/2018\/10\/limpiesa-300x292.jpg\" alt=\"\" width=\"300\" height=\"292\" srcset=\"https:\/\/www.ecuadoraldia.com.ec\/wp-content\/uploads\/2018\/10\/limpiesa-300x292.jpg 300w, https:\/\/www.ecuadoraldia.com.ec\/wp-content\/uploads\/2018\/10\/limpiesa-768x748.jpg 768w, https:\/\/www.ecuadoraldia.com.ec\/wp-content\/uploads\/2018\/10\/limpiesa.jpg 780w\" sizes=\"(max-width: 300px) 100vw, 300px\" \/><\/a><\/p>\n<p>Antes de la jornada deportiva, los estudiantes, maestros y padres de familia, participaron de una minga interna de limpieza en patios, canchas y zonas verdes en defensa de la naturaleza. Al igual que en el cuidado y alimentaci\u00f3n de mascotas, \u00a0pues \u00a0cada a\u00f1o llegan al plantel por s\u00ed solos algunos hu\u00e9sped caninos, que son acogidos como parte del cuidado a los animales que en muchos de los casos los abandonan en el sector.<\/p>\n<p><a href=\"http:\/\/www.ecuadoraldia.com.ec\/wp-content\/uploads\/2018\/10\/canino2.jpg\"><img loading=\"lazy\" decoding=\"async\" class=\"alignleft size-medium wp-image-17128\" src=\"http:\/\/www.ecuadoraldia.com.ec\/wp-content\/uploads\/2018\/10\/canino2-300x258.jpg\" alt=\"\" width=\"300\" height=\"258\" srcset=\"https:\/\/www.ecuadoraldia.com.ec\/wp-content\/uploads\/2018\/10\/canino2-300x258.jpg 300w, https:\/\/www.ecuadoraldia.com.ec\/wp-content\/uploads\/2018\/10\/canino2-768x661.jpg 768w, https:\/\/www.ecuadoraldia.com.ec\/wp-content\/uploads\/2018\/10\/canino2.jpg 780w\" sizes=\"(max-width: 300px) 100vw, 300px\" \/><\/a> <a href=\"http:\/\/www.ecuadoraldia.com.ec\/wp-content\/uploads\/2018\/10\/minga.jpg\"><img loading=\"lazy\" decoding=\"async\" class=\"alignleft size-medium wp-image-17129\" src=\"http:\/\/www.ecuadoraldia.com.ec\/wp-content\/uploads\/2018\/10\/minga-300x284.jpg\" alt=\"\" width=\"300\" height=\"284\" srcset=\"https:\/\/www.ecuadoraldia.com.ec\/wp-content\/uploads\/2018\/10\/minga-300x284.jpg 300w, https:\/\/www.ecuadoraldia.com.ec\/wp-content\/uploads\/2018\/10\/minga-768x728.jpg 768w, https:\/\/www.ecuadoraldia.com.ec\/wp-content\/uploads\/2018\/10\/minga.jpg 780w\" sizes=\"(max-width: 300px) 100vw, 300px\" \/><\/a><\/p>\n","protected":false},"excerpt":{"rendered":"<p>Quito, lunes 1 de octubre de 2018. El s\u00e1bado 29 de septiembre de 2018, la Unidad Educativa Andrew- Giordano Bruno,<\/p>\n","protected":false},"author":1,"featured_media":17124,"comment_status":"closed","ping_status":"closed","sticky":false,"template":"","format":"standard","meta":{"footnotes":""},"categories":[1],"tags":[72],"_links":{"self":[{"href":"https:\/\/www.ecuadoraldia.com.ec\/index.php?rest_route=\/wp\/v2\/posts\/17123"}],"collection":[{"href":"https:\/\/www.ecuadoraldia.com.ec\/index.php?rest_route=\/wp\/v2\/posts"}],"about":[{"href":"https:\/\/www.ecuadoraldia.com.ec\/index.php?rest_route=\/wp\/v2\/types\/post"}],"author":[{"embeddable":true,"href":"https:\/\/www.ecuadoraldia.com.ec\/index.php?rest_route=\/wp\/v2\/users\/1"}],"replies":[{"embeddable":true,"href":"https:\/\/www.ecuadoraldia.com.ec\/index.php?rest_route=%2Fwp%2Fv2%2Fcomments&post=17123"}],"version-history":[{"count":5,"href":"https:\/\/www.ecuadoraldia.com.ec\/index.php?rest_route=\/wp\/v2\/posts\/17123\/revisions"}],"predecessor-version":[{"id":17132,"href":"https:\/\/www.ecuadoraldia.com.ec\/index.php?rest_route=\/wp\/v2\/posts\/17123\/revisions\/17132"}],"wp:featuredmedia":[{"embeddable":true,"href":"https:\/\/www.ecuadoraldia.com.ec\/index.php?rest_route=\/wp\/v2\/media\/17124"}],"wp:attachment":[{"href":"https:\/\/www.ecuadoraldia.com.ec\/index.php?rest_route=%2Fwp%2Fv2%2Fmedia&parent=17123"}],"wp:term":[{"taxonomy":"category","embeddable":true,"href":"https:\/\/www.ecuadoraldia.com.ec\/index.php?rest_route=%2Fwp%2Fv2%2Fcategories&post=17123"},{"taxonomy":"post_tag","embeddable":true,"href":"https:\/\/www.ecuadoraldia.com.ec\/index.php?rest_route=%2Fwp%2Fv2%2Ftags&post=17123"}],"curies":[{"name":"wp","href":"https:\/\/api.w.org\/{rel}","templated":true}]}}