{"id":17136,"date":"2018-10-04T16:57:28","date_gmt":"2018-10-04T21:57:28","guid":{"rendered":"http:\/\/www.ecuadoraldia.com.ec\/?p=17136"},"modified":"2018-10-04T16:57:28","modified_gmt":"2018-10-04T21:57:28","slug":"transportistas-se-suman-a-la-campana-contra-el-trafico-de-animales","status":"publish","type":"post","link":"https:\/\/www.ecuadoraldia.com.ec\/?p=17136","title":{"rendered":"Transportistas se suman a la campa\u00f1a contra el tr\u00e1fico de animales"},"content":{"rendered":"<p><a href=\"http:\/\/www.ecuadoraldia.com.ec\/wp-content\/uploads\/2018\/10\/dia-mundial-de-los-animales.jpg\"><img loading=\"lazy\" decoding=\"async\" class=\"alignleft size-medium wp-image-17137\" src=\"http:\/\/www.ecuadoraldia.com.ec\/wp-content\/uploads\/2018\/10\/dia-mundial-de-los-animales-300x128.jpg\" alt=\"\" width=\"300\" height=\"128\" srcset=\"https:\/\/www.ecuadoraldia.com.ec\/wp-content\/uploads\/2018\/10\/dia-mundial-de-los-animales-300x128.jpg 300w, https:\/\/www.ecuadoraldia.com.ec\/wp-content\/uploads\/2018\/10\/dia-mundial-de-los-animales-768x329.jpg 768w, https:\/\/www.ecuadoraldia.com.ec\/wp-content\/uploads\/2018\/10\/dia-mundial-de-los-animales.jpg 858w\" sizes=\"(max-width: 300px) 100vw, 300px\" \/><\/a><\/p>\n<p>Quito, jueves 4 de octubre de 2018. Con el prop\u00f3sito de frenar el contrabando de animales y otras especies, el Ministerio del Ambiente viene impulsando una campa\u00f1a con varios organismos defensores de la naturaleza, para hacer conciencia que del peligro que genera sacar\u00a0 de su h\u00e1bitat natural a los animales.<\/p>\n<p>Las Federaciones de Transportistas del Ecuador se unieron oficialmente a la lucha contra el tr\u00e1fico ilegal de vida silvestre. El anuncio se realiz\u00f3 en los patios de la Terminal Terrestre de Quitumbe, al sur de Quito, en el marco de las celebraciones por el D\u00eda Mundial de los Animales.<\/p>\n<p>Como parte de esta iniciativa se colocar\u00e1n 15 000 adhesivos en las unidades de transporte p\u00fablico, de las modalidades intra e interprovincial, camiones y camionetas y transporte tur\u00edstico a nivel nacional.<\/p>\n<p><a href=\"http:\/\/www.ecuadoraldia.com.ec\/wp-content\/uploads\/2018\/10\/stikers.jpg\"><img loading=\"lazy\" decoding=\"async\" class=\"alignleft size-medium wp-image-17138\" src=\"http:\/\/www.ecuadoraldia.com.ec\/wp-content\/uploads\/2018\/10\/stikers-300x174.jpg\" alt=\"\" width=\"300\" height=\"174\" srcset=\"https:\/\/www.ecuadoraldia.com.ec\/wp-content\/uploads\/2018\/10\/stikers-300x174.jpg 300w, https:\/\/www.ecuadoraldia.com.ec\/wp-content\/uploads\/2018\/10\/stikers.jpg 768w\" sizes=\"(max-width: 300px) 100vw, 300px\" \/><\/a><\/p>\n<p>Los stickers muestran mensajes que son parte de la campa\u00f1a: \u201cAlto. El tr\u00e1fico de animales silvestres es un delito. Si te llevas uno, no quedar\u00e1 ninguno\u201d.<\/p>\n<p>Esta iniciativa es promovida por el Ministerio del Ambiente y la Polic\u00eda Nacional desde hace un a\u00f1o. Hoy se sum\u00f3 FENACOTIP, el Programa de Ambiente y Energ\u00eda de las naciones Unidas para el Desarrollo, entre otras organizaciones defensoras de la biodiversidad.<\/p>\n<p>Humberto Cholango, ministro del Ambiente encargado, participo del evento y posteriormente coloc\u00f3 los adhesivos en tres unidades de transporte Interprovincial y de carga liviana.<\/p>\n<p>En estos se\u00a0 ve la imagen de una guanta que, seg\u00fan Cholango, es una de las especies que m\u00e1s se caza en la amazonia, por su carne apetecida. Los adhesivos tambi\u00e9n tienen frases que recuerdan a las personas que la caza, comercio, tenencia y transporte de vida silvestre puede ser penado hasta con tres a\u00f1os de prisi\u00f3n y multas econ\u00f3micas.<\/p>\n<p>As\u00ed mismo el ministro explic\u00f3 la importancia de proteger a los animales para preservar los ecosistemas y promover el turismo responsable en el pa\u00eds.<\/p>\n<p>Por su parte el Presidente de la Federaci\u00f3n Nacional de Cooperativas de Transporte de Pasajeros FENACOTIP, abogado Abel G\u00f3mez, comprometi\u00f3 su accionar para \u00a0contribuir a la erradicaci\u00f3n del tr\u00e1fico ilegal a trav\u00e9s de esta alianza estrat\u00e9gica nacional, con un eficiente control en terminales y carreteras, en las 317 cooperativas o empresas de transporte que son parte de la federaci\u00f3n se dar\u00e1n mensajes sobre la importancia de la flora y fauna del pa\u00eds y educar a la ciudadan\u00eda para que no comercialice animales y aves.<\/p>\n<p>El mayor Ricardo Y\u00e1nez, jefe de la Unidad de Protecci\u00f3n del Medio Ambiente de la Polic\u00eda, indic\u00f3 que desde el 2017 hasta la actualidad se han detenido a varias \u00a0personas por cazar venados en la Reservas Ecol\u00f3gicas de los Ilinizas y Antisana.<\/p>\n<p>De esta forma la transportaci\u00f3n p\u00fablica de pasajeros, se incorpora no solo a la defensa de la vida silvestre y la naturaleza, sino\u00a0 a continuar con la modernizaci\u00f3n del parque automotor, incorporando unidades modernas al servicio de la ciudadan\u00eda y que coadyuven a reducir los \u00edndices de contaminaci\u00f3n, finaliz\u00f3 el dirigente Abel G\u00f3mez.<\/p>\n<p>&nbsp;<\/p>\n","protected":false},"excerpt":{"rendered":"<p>Quito, jueves 4 de octubre de 2018. Con el prop\u00f3sito de frenar el contrabando de animales y otras especies, el<\/p>\n","protected":false},"author":1,"featured_media":17137,"comment_status":"closed","ping_status":"closed","sticky":false,"template":"","format":"standard","meta":{"footnotes":""},"categories":[1],"tags":[],"_links":{"self":[{"href":"https:\/\/www.ecuadoraldia.com.ec\/index.php?rest_route=\/wp\/v2\/posts\/17136"}],"collection":[{"href":"https:\/\/www.ecuadoraldia.com.ec\/index.php?rest_route=\/wp\/v2\/posts"}],"about":[{"href":"https:\/\/www.ecuadoraldia.com.ec\/index.php?rest_route=\/wp\/v2\/types\/post"}],"author":[{"embeddable":true,"href":"https:\/\/www.ecuadoraldia.com.ec\/index.php?rest_route=\/wp\/v2\/users\/1"}],"replies":[{"embeddable":true,"href":"https:\/\/www.ecuadoraldia.com.ec\/index.php?rest_route=%2Fwp%2Fv2%2Fcomments&post=17136"}],"version-history":[{"count":1,"href":"https:\/\/www.ecuadoraldia.com.ec\/index.php?rest_route=\/wp\/v2\/posts\/17136\/revisions"}],"predecessor-version":[{"id":17139,"href":"https:\/\/www.ecuadoraldia.com.ec\/index.php?rest_route=\/wp\/v2\/posts\/17136\/revisions\/17139"}],"wp:featuredmedia":[{"embeddable":true,"href":"https:\/\/www.ecuadoraldia.com.ec\/index.php?rest_route=\/wp\/v2\/media\/17137"}],"wp:attachment":[{"href":"https:\/\/www.ecuadoraldia.com.ec\/index.php?rest_route=%2Fwp%2Fv2%2Fmedia&parent=17136"}],"wp:term":[{"taxonomy":"category","embeddable":true,"href":"https:\/\/www.ecuadoraldia.com.ec\/index.php?rest_route=%2Fwp%2Fv2%2Fcategories&post=17136"},{"taxonomy":"post_tag","embeddable":true,"href":"https:\/\/www.ecuadoraldia.com.ec\/index.php?rest_route=%2Fwp%2Fv2%2Ftags&post=17136"}],"curies":[{"name":"wp","href":"https:\/\/api.w.org\/{rel}","templated":true}]}}