{"id":17140,"date":"2018-10-06T13:47:42","date_gmt":"2018-10-06T18:47:42","guid":{"rendered":"http:\/\/www.ecuadoraldia.com.ec\/?p=17140"},"modified":"2018-10-12T16:01:45","modified_gmt":"2018-10-12T21:01:45","slug":"encuentro-de-estudiantes-promocion-1988-1989","status":"publish","type":"post","link":"https:\/\/www.ecuadoraldia.com.ec\/?p=17140","title":{"rendered":"reencuentro de ex compa\u00f1eros promoci\u00f3n 1987- 19988-"},"content":{"rendered":"<p><a href=\"http:\/\/www.ecuadoraldia.com.ec\/wp-content\/uploads\/2018\/10\/encuentro-col.jpg\"><img loading=\"lazy\" decoding=\"async\" class=\"alignleft size-medium wp-image-17141\" src=\"http:\/\/www.ecuadoraldia.com.ec\/wp-content\/uploads\/2018\/10\/encuentro-col-300x169.jpg\" alt=\"\" width=\"300\" height=\"169\" srcset=\"https:\/\/www.ecuadoraldia.com.ec\/wp-content\/uploads\/2018\/10\/encuentro-col-300x169.jpg 300w, https:\/\/www.ecuadoraldia.com.ec\/wp-content\/uploads\/2018\/10\/encuentro-col-768x432.jpg 768w, https:\/\/www.ecuadoraldia.com.ec\/wp-content\/uploads\/2018\/10\/encuentro-col-1024x576.jpg 1024w, https:\/\/www.ecuadoraldia.com.ec\/wp-content\/uploads\/2018\/10\/encuentro-col.jpg 1279w\" sizes=\"(max-width: 300px) 100vw, 300px\" \/><\/a><\/p>\n<p>El Empalme Guayas. \u00a0Un grupo de ex compa\u00f1eros del \u201cColegio Nacional El Empalme\u201d, Ciencias Sociales, realizaron este s\u00e1bado seis de octubre de 2018 un encuentro de uni\u00f3n y \u00a0confraternidad, \u00a0con el prop\u00f3sito de recordad aquellos tiempos de estudiantes.<\/p>\n<p>El evento se realiza en una Quinta la Esperanza, en la v\u00eda Pichincha- Portoviejo, a la que asistieron un gran n\u00famero de compa\u00f1eros de aquella \u00e9poca y que ahora la mayor\u00eda son profesionales y padres de familia a la vez.<\/p>\n<p>Desde 1988 al 2018 han transcurrido 20 a\u00f1os. \u00a0Vaya, s\u00ed que es bastante tiempo; pero nunca es tarde, recordar es volver a vivir, y es lo que hoy est\u00e1n haciendo ese grupo de profesionales, recordando viejos tiempos \u00a0y contando las an\u00e9cdotas de lo que ha sido todo este trajinar por la vida.<\/p>\n<p>Hubo comida en abundancia, festejo, y lo mas importante intercambiar experiencias. Mucho que contar, luego de 30 a\u00f1os. No todos est\u00e1n en el Pa\u00eds, algunos est\u00e1n fuera, Espa\u00f1a, Italia, EE.UU<\/p>\n<p>Sonia Flores Ponce.<\/p>\n<p>L\u00edder Toapanta Mu\u00f1oz<\/p>\n<p>Jaime Loor santana<\/p>\n<p>Jos\u00e9 Trivi\u00f1o<\/p>\n<p>Irma Zambrano<\/p>\n<p>Wellingt\u00f3n Mac\u00edas<\/p>\n<p>Galud Anchundia<\/p>\n<p>Carlos Anchundia<\/p>\n<p>Elvia Benavides<\/p>\n<p>Jos\u00e9 Alb\u00e1n<\/p>\n<p>Jorge pe\u00f1afiel<\/p>\n<p>Ra\u00fal Mu\u00f1oz Barre<\/p>\n<p>Manuel Vera<\/p>\n<p>Daisy Ormaza<\/p>\n<p>Lu\u00eds Mor\u00e1n<\/p>\n<p>Yuli Bonoso<\/p>\n<p>Miriam Sabando<\/p>\n<p>Am\u00e9rica<\/p>\n<p>Orlando Mora Villegar<\/p>\n<p>H\u00e9ctor Osorio Rizzo<\/p>\n<p>Carlina V\u00e9liz Zambrano<\/p>\n<p>Silvia Vera,<\/p>\n<p>Karina Vidal<\/p>\n<p>Gissela Zambrano Burgos, entre otros&#8230;<\/p>\n<p>&nbsp;<\/p>\n","protected":false},"excerpt":{"rendered":"<p>El Empalme Guayas. \u00a0Un grupo de ex compa\u00f1eros del \u201cColegio Nacional El Empalme\u201d, Ciencias Sociales, realizaron este s\u00e1bado seis de<\/p>\n","protected":false},"author":1,"featured_media":17141,"comment_status":"closed","ping_status":"closed","sticky":false,"template":"","format":"standard","meta":{"footnotes":""},"categories":[1],"tags":[],"_links":{"self":[{"href":"https:\/\/www.ecuadoraldia.com.ec\/index.php?rest_route=\/wp\/v2\/posts\/17140"}],"collection":[{"href":"https:\/\/www.ecuadoraldia.com.ec\/index.php?rest_route=\/wp\/v2\/posts"}],"about":[{"href":"https:\/\/www.ecuadoraldia.com.ec\/index.php?rest_route=\/wp\/v2\/types\/post"}],"author":[{"embeddable":true,"href":"https:\/\/www.ecuadoraldia.com.ec\/index.php?rest_route=\/wp\/v2\/users\/1"}],"replies":[{"embeddable":true,"href":"https:\/\/www.ecuadoraldia.com.ec\/index.php?rest_route=%2Fwp%2Fv2%2Fcomments&post=17140"}],"version-history":[{"count":7,"href":"https:\/\/www.ecuadoraldia.com.ec\/index.php?rest_route=\/wp\/v2\/posts\/17140\/revisions"}],"predecessor-version":[{"id":17163,"href":"https:\/\/www.ecuadoraldia.com.ec\/index.php?rest_route=\/wp\/v2\/posts\/17140\/revisions\/17163"}],"wp:featuredmedia":[{"embeddable":true,"href":"https:\/\/www.ecuadoraldia.com.ec\/index.php?rest_route=\/wp\/v2\/media\/17141"}],"wp:attachment":[{"href":"https:\/\/www.ecuadoraldia.com.ec\/index.php?rest_route=%2Fwp%2Fv2%2Fmedia&parent=17140"}],"wp:term":[{"taxonomy":"category","embeddable":true,"href":"https:\/\/www.ecuadoraldia.com.ec\/index.php?rest_route=%2Fwp%2Fv2%2Fcategories&post=17140"},{"taxonomy":"post_tag","embeddable":true,"href":"https:\/\/www.ecuadoraldia.com.ec\/index.php?rest_route=%2Fwp%2Fv2%2Ftags&post=17140"}],"curies":[{"name":"wp","href":"https:\/\/api.w.org\/{rel}","templated":true}]}}