{"id":17146,"date":"2018-10-09T11:07:49","date_gmt":"2018-10-09T16:07:49","guid":{"rendered":"http:\/\/www.ecuadoraldia.com.ec\/?p=17146"},"modified":"2018-10-09T16:00:18","modified_gmt":"2018-10-09T21:00:18","slug":"en-madrigal-los-equipos-son-mixtos-y-con-arbitraje-femenino","status":"publish","type":"post","link":"https:\/\/www.ecuadoraldia.com.ec\/?p=17146","title":{"rendered":"En Madrigal los equipos son mixtos y con arbitraje femenino. (V\u00eddeo)"},"content":{"rendered":"<p><a href=\"http:\/\/www.ecuadoraldia.com.ec\/wp-content\/uploads\/2018\/10\/20181006_111046.jpg\"><img loading=\"lazy\" decoding=\"async\" class=\"alignleft size-medium wp-image-17149\" src=\"http:\/\/www.ecuadoraldia.com.ec\/wp-content\/uploads\/2018\/10\/20181006_111046-300x170.jpg\" alt=\"\" width=\"300\" height=\"170\" srcset=\"https:\/\/www.ecuadoraldia.com.ec\/wp-content\/uploads\/2018\/10\/20181006_111046-300x170.jpg 300w, https:\/\/www.ecuadoraldia.com.ec\/wp-content\/uploads\/2018\/10\/20181006_111046-768x436.jpg 768w, https:\/\/www.ecuadoraldia.com.ec\/wp-content\/uploads\/2018\/10\/20181006_111046.jpg 814w\" sizes=\"(max-width: 300px) 100vw, 300px\" \/><\/a><\/p>\n<p>Quito, s\u00e1bado 6 de octubre de 2018. Este s\u00e1bado 6 de octubre de 2018, se inici\u00f3 el campeonato de menores en \u201cMadrigal\u201d, sector Monjas Alto, al nor oriente de Quito.<\/p>\n<p>La etapa se abri\u00f3 con la participaci\u00f3n de seis equipos, cuyas edades van desde los seis a 13 a\u00f1os.<\/p>\n<p>El Club deportivo Obrero Independiente de ni\u00f1os, se enfrent\u00f3 al equipo de los \u201cTigres de madrigal\u201d. El partido termin\u00f3 6 a 3, a favor de Tigres.<\/p>\n<p>Byron Barrera, entrenador de los peque\u00f1ines\u00a0 de la liga Obro Independientes, destac\u00f3 la participaci\u00f3n del equipo, que pese a la diferencia de estatura y edad del conjunto rival, dejaron en alto al club.<\/p>\n<p>En la obrero se conform\u00f3 una liga barrial con\u00a0 una escuela de f\u00fatbol en la que pueden\u00a0 inscribirse\u00a0 hombres y mujeres. \u00abReci\u00e9n comenzamos con las formativas, me siento muy a gusto porque son mu\u00f1ecos los ni\u00f1os en pocas palabras y se les va formando desde estas edades\u00a0 inculcando valores de lo que se puede determinar en la cancha\u00bb, enfatiz\u00f3 Barrera.<\/p>\n<p>Las edades que vamos a jugar en la categor\u00eda es de seis a 13 a\u00f1os; aqu\u00ed creo que es 13 o 15 no estoy muy de acuerdo, pero nuestro prop\u00f3sito es participar en este campeonato\u00a0 y que se vayan acoplando y perdiendo el miedo y\u00a0 todo \u00a0tipo de obst\u00e1culos.<\/p>\n<p>Han demostrado que s\u00ed pueden dominar,\u00a0 jugar de igual a igual sin importar el tama\u00f1o del contrario; si les golpean o caen pueden volverse\u00a0 y volver a jugar, de eso se trata el f\u00fatbol.<\/p>\n<p>La temporada dura hasta diciembre, el Campeonato es barrial y\u00a0 se lo hizo por fiestas de Quito para integrar a los vecinos.<\/p>\n<p>Guido Arias, es el director t\u00e9cnico de los \u201cTigres Del Valle\u201d, y coment\u00f3 que\u00a0 es el primer campeonato que se realiza \u00a0en la zona; \u00a0y este es nuestro primer a\u00f1o, reiter\u00f3.<\/p>\n<p>Se trata de una reorganizaci\u00f3n de equipos de la temporada 2017. Esta temporada de inicio con seis equipos y Esperamos que haya mucho m\u00e1s para la pr\u00f3xima temporada. Hombres y mujeres integran los equipos, el juego sucio no est\u00e1 permitido, pues se trata que desde temprana edad los adolescentes aprendan valores y el respeto a sus compa\u00f1eros del equipo contrario.<\/p>\n<p>La siguiente fecha que ser\u00e1 el pr\u00f3ximo s\u00e1bado.<\/p>\n<p><strong>El partido termin\u00f3 6&#215;3 a favor de Tigres.<\/strong><\/p>\n<p><strong>Obrero Independiente\u00a0\u00a0\u00a0\u00a0\u00a0\u00a0\u00a0\u00a0\u00a0\u00a0\u00a0\u00a0 \u00a0\u00a0\u00a0\u00a0\u00a0\u00a0\u00a0\u00a0\u00a0\u00a0\u00a0\u00a0\u00a0\u00a0\u00a0\u00a0\u00a0\u00a0\u00a0\u00a0\u00a0\u00a0\u00a0\u00a0\u00a0\u00a0\u00a0\u00a0\u00a0\u00a0\u00a0\u00a0\u00a0\u00a0Trigres<\/strong><\/p>\n<p>Diego Mota\u00a0\u00a0\u00a0\u00a0\u00a0\u00a0\u00a0\u00a0\u00a0\u00a0\u00a0\u00a0\u00a0\u00a0\u00a0\u00a0\u00a0\u00a0 \u00a0\u00a0\u00a0\u00a0\u00a0\u00a0\u00a0\u00a0\u00a0\u00a0\u00a0\u00a0\u00a0\u00a0\u00a0\u00a0\u00a0\u00a0\u00a0\u00a0\u00a0\u00a0\u00a0\u00a0\u00a0\u00a0\u00a0\u00a0\u00a0\u00a0\u00a0\u00a0\u00a0\u00a0\u00a0\u00a0\u00a0\u00a0\u00a0\u00a0 Andy Haya<\/p>\n<p>Steven Aimaca\u00f1a\u00a0\u00a0\u00a0\u00a0\u00a0\u00a0\u00a0\u00a0\u00a0\u00a0\u00a0\u00a0\u00a0\u00a0\u00a0\u00a0\u00a0\u00a0\u00a0\u00a0\u00a0\u00a0\u00a0\u00a0\u00a0\u00a0\u00a0\u00a0\u00a0\u00a0\u00a0\u00a0\u00a0\u00a0\u00a0\u00a0\u00a0\u00a0\u00a0\u00a0\u00a0\u00a0\u00a0\u00a0\u00a0\u00a0\u00a0\u00a0\u00a0\u00a0\u00a0 Andrea Arias<\/p>\n<p>Alan Hidalgo\u00a0\u00a0\u00a0\u00a0\u00a0\u00a0\u00a0\u00a0\u00a0\u00a0\u00a0\u00a0\u00a0\u00a0\u00a0\u00a0\u00a0\u00a0\u00a0\u00a0\u00a0\u00a0\u00a0\u00a0\u00a0\u00a0\u00a0\u00a0\u00a0\u00a0\u00a0\u00a0\u00a0\u00a0\u00a0\u00a0\u00a0\u00a0\u00a0\u00a0\u00a0\u00a0\u00a0\u00a0\u00a0\u00a0\u00a0\u00a0\u00a0\u00a0\u00a0\u00a0\u00a0\u00a0\u00a0\u00a0\u00a0 Gabriel Arias<\/p>\n<p>Ra\u00fal Mu\u00f1oz\u00a0\u00a0\u00a0\u00a0\u00a0\u00a0\u00a0\u00a0\u00a0\u00a0\u00a0\u00a0\u00a0\u00a0\u00a0\u00a0\u00a0\u00a0\u00a0\u00a0\u00a0\u00a0\u00a0\u00a0\u00a0\u00a0\u00a0\u00a0\u00a0\u00a0\u00a0\u00a0\u00a0\u00a0\u00a0\u00a0\u00a0\u00a0\u00a0\u00a0\u00a0\u00a0\u00a0\u00a0\u00a0\u00a0\u00a0\u00a0\u00a0\u00a0\u00a0\u00a0\u00a0\u00a0\u00a0\u00a0\u00a0\u00a0\u00a0 Kely Quintana<\/p>\n<p>Antony Mata\u00a0\u00a0\u00a0\u00a0\u00a0\u00a0\u00a0\u00a0\u00a0\u00a0\u00a0\u00a0\u00a0\u00a0\u00a0\u00a0\u00a0\u00a0\u00a0\u00a0\u00a0\u00a0\u00a0\u00a0\u00a0\u00a0\u00a0\u00a0\u00a0\u00a0\u00a0\u00a0\u00a0\u00a0\u00a0\u00a0\u00a0\u00a0\u00a0\u00a0\u00a0\u00a0\u00a0\u00a0\u00a0\u00a0\u00a0\u00a0\u00a0\u00a0\u00a0\u00a0\u00a0\u00a0\u00a0\u00a0\u00a0 Santiago D\u00e1vila<\/p>\n<p>Eric Huaraca\u00a0\u00a0\u00a0\u00a0\u00a0\u00a0\u00a0\u00a0\u00a0\u00a0\u00a0\u00a0\u00a0\u00a0\u00a0\u00a0\u00a0\u00a0\u00a0\u00a0\u00a0\u00a0\u00a0\u00a0\u00a0\u00a0\u00a0\u00a0\u00a0\u00a0\u00a0\u00a0\u00a0\u00a0\u00a0\u00a0\u00a0\u00a0\u00a0\u00a0\u00a0\u00a0\u00a0\u00a0\u00a0\u00a0\u00a0\u00a0\u00a0\u00a0\u00a0\u00a0\u00a0\u00a0\u00a0\u00a0\u00a0\u00a0 Steven Coello<\/p>\n<p>Mateo Rosero\u00a0\u00a0\u00a0\u00a0\u00a0\u00a0\u00a0\u00a0\u00a0\u00a0\u00a0\u00a0\u00a0\u00a0\u00a0\u00a0\u00a0\u00a0\u00a0\u00a0\u00a0\u00a0\u00a0\u00a0\u00a0\u00a0\u00a0\u00a0\u00a0\u00a0\u00a0\u00a0\u00a0\u00a0\u00a0\u00a0\u00a0\u00a0\u00a0\u00a0\u00a0\u00a0\u00a0\u00a0\u00a0\u00a0\u00a0\u00a0\u00a0\u00a0\u00a0\u00a0\u00a0\u00a0\u00a0\u00a0 Jostin Nieto<\/p>\n<p>Josue Barrera\u00a0\u00a0\u00a0\u00a0\u00a0\u00a0\u00a0 \u00a0\u00a0\u00a0\u00a0\u00a0\u00a0\u00a0\u00a0\u00a0\u00a0\u00a0\u00a0\u00a0\u00a0\u00a0\u00a0\u00a0\u00a0\u00a0\u00a0\u00a0\u00a0\u00a0\u00a0\u00a0\u00a0\u00a0\u00a0\u00a0\u00a0\u00a0\u00a0\u00a0\u00a0\u00a0\u00a0\u00a0\u00a0\u00a0\u00a0\u00a0\u00a0\u00a0\u00a0\u00a0\u00a0\u00a0\u00a0 Adriana Mendoza<\/p>\n<p><iframe loading=\"lazy\" width=\"800\" height=\"450\" src=\"https:\/\/www.youtube.com\/embed\/t32Vzyam40U?feature=oembed\" frameborder=\"0\" allow=\"autoplay; encrypted-media\" allowfullscreen><\/iframe><\/p>\n","protected":false},"excerpt":{"rendered":"<p>Quito, s\u00e1bado 6 de octubre de 2018. Este s\u00e1bado 6 de octubre de 2018, se inici\u00f3 el campeonato de menores<\/p>\n","protected":false},"author":1,"featured_media":17149,"comment_status":"closed","ping_status":"closed","sticky":false,"template":"","format":"standard","meta":{"footnotes":""},"categories":[10],"tags":[],"_links":{"self":[{"href":"https:\/\/www.ecuadoraldia.com.ec\/index.php?rest_route=\/wp\/v2\/posts\/17146"}],"collection":[{"href":"https:\/\/www.ecuadoraldia.com.ec\/index.php?rest_route=\/wp\/v2\/posts"}],"about":[{"href":"https:\/\/www.ecuadoraldia.com.ec\/index.php?rest_route=\/wp\/v2\/types\/post"}],"author":[{"embeddable":true,"href":"https:\/\/www.ecuadoraldia.com.ec\/index.php?rest_route=\/wp\/v2\/users\/1"}],"replies":[{"embeddable":true,"href":"https:\/\/www.ecuadoraldia.com.ec\/index.php?rest_route=%2Fwp%2Fv2%2Fcomments&post=17146"}],"version-history":[{"count":5,"href":"https:\/\/www.ecuadoraldia.com.ec\/index.php?rest_route=\/wp\/v2\/posts\/17146\/revisions"}],"predecessor-version":[{"id":17153,"href":"https:\/\/www.ecuadoraldia.com.ec\/index.php?rest_route=\/wp\/v2\/posts\/17146\/revisions\/17153"}],"wp:featuredmedia":[{"embeddable":true,"href":"https:\/\/www.ecuadoraldia.com.ec\/index.php?rest_route=\/wp\/v2\/media\/17149"}],"wp:attachment":[{"href":"https:\/\/www.ecuadoraldia.com.ec\/index.php?rest_route=%2Fwp%2Fv2%2Fmedia&parent=17146"}],"wp:term":[{"taxonomy":"category","embeddable":true,"href":"https:\/\/www.ecuadoraldia.com.ec\/index.php?rest_route=%2Fwp%2Fv2%2Fcategories&post=17146"},{"taxonomy":"post_tag","embeddable":true,"href":"https:\/\/www.ecuadoraldia.com.ec\/index.php?rest_route=%2Fwp%2Fv2%2Ftags&post=17146"}],"curies":[{"name":"wp","href":"https:\/\/api.w.org\/{rel}","templated":true}]}}