{"id":17154,"date":"2018-10-12T15:47:09","date_gmt":"2018-10-12T20:47:09","guid":{"rendered":"http:\/\/www.ecuadoraldia.com.ec\/?p=17154"},"modified":"2018-10-12T15:50:26","modified_gmt":"2018-10-12T20:50:26","slug":"catar-se-impuso-ante-ecuador","status":"publish","type":"post","link":"https:\/\/www.ecuadoraldia.com.ec\/?p=17154","title":{"rendered":"\u00a0Catar se impuso ante Ecuador\u00a0"},"content":{"rendered":"<p><a href=\"http:\/\/www.ecuadoraldia.com.ec\/wp-content\/uploads\/2018\/10\/Enner-Valencia-Ecuador-Catar.jpg\"><img loading=\"lazy\" decoding=\"async\" class=\"alignleft size-medium wp-image-17158\" src=\"http:\/\/www.ecuadoraldia.com.ec\/wp-content\/uploads\/2018\/10\/Enner-Valencia-Ecuador-Catar-300x206.jpg\" alt=\"\" width=\"300\" height=\"206\" srcset=\"https:\/\/www.ecuadoraldia.com.ec\/wp-content\/uploads\/2018\/10\/Enner-Valencia-Ecuador-Catar-300x206.jpg 300w, https:\/\/www.ecuadoraldia.com.ec\/wp-content\/uploads\/2018\/10\/Enner-Valencia-Ecuador-Catar-768x528.jpg 768w, https:\/\/www.ecuadoraldia.com.ec\/wp-content\/uploads\/2018\/10\/Enner-Valencia-Ecuador-Catar-130x90.jpg 130w, https:\/\/www.ecuadoraldia.com.ec\/wp-content\/uploads\/2018\/10\/Enner-Valencia-Ecuador-Catar.jpg 800w\" sizes=\"(max-width: 300px) 100vw, 300px\" \/><\/a><\/p>\n<p>EFE El t\u00e9cnico de la selecci\u00f3n de Ecuador, el colombiano Hern\u00e1n \u00abel Bolillo\u00bb G\u00f3mez, no quiso poner excusas en la derrota por 4-3 de su equipo contra Catar, aunque admiti\u00f3 que el viaje hasta la pen\u00ednsula ar\u00e1biga fue un elemento que pes\u00f3 en las piernas de sus hombres. \u00abF\u00edsicamente fue superior Catar, en el uno contra uno perdimos.<br \/>\nNo fue un buen partido, no hay que sacar disculpas, pero se siente el viaje y por eso no hay coordinaci\u00f3n y hay p\u00e9rdidas de bal\u00f3n\u00bb, afirm\u00f3 G\u00f3mez en rueda de prensa tras el partido. \u00abLas dificultades de hoy fueron sobre todo f\u00edsicas, fueron mas r\u00e1pidos, parec\u00edan un Mercedes y nosotros un Renault 4. No tuvimos trabajo suficiente para dar una coordinaci\u00f3n t\u00e1ctica del equipo\u00bb, manifest\u00f3.<\/p>\n<p>El equipo ecuatoriano tuvo que jugar adem\u00e1s en inferioridad num\u00e9rica en la parte final del partido por la expulsi\u00f3n de Frickson Erazo al que acompa\u00f1\u00f3 Valencia cuando expiraba el partido.<br \/>\n\u00abCuando uno no se siente bien f\u00edsicamente, pierde la cabeza, no fue un d\u00eda bueno para nosotros en condici\u00f3n f\u00edsica, no nos sal\u00edan las cosas, no era un d\u00eda apto para dar un buen nivel\u00bb, a\u00f1adi\u00f3.<\/p>\n<p>El t\u00e9cnico colombiano alab\u00f3 la actuaci\u00f3n del conjunto liderado por el entrenador espa\u00f1ol F\u00e9lix S\u00e1nchez, que mostr\u00f3 una organizaci\u00f3n y capacidad de reacci\u00f3n r\u00e1pida en contraataque durante todo el encuentro. \u00abVi un equipo r\u00e1pido, preciso, organizado t\u00e1cticamente, me hubiera gustado verlo ante un mejor rival porque hoy no lo fuimos\u00bb, sentenci\u00f3.<\/p>\n<p><a href=\"http:\/\/www.ecuadoraldia.com.ec\/wp-content\/uploads\/2018\/10\/nner.jpg\"><img loading=\"lazy\" decoding=\"async\" class=\"alignleft size-medium wp-image-17155\" src=\"http:\/\/www.ecuadoraldia.com.ec\/wp-content\/uploads\/2018\/10\/nner-300x142.jpg\" alt=\"\" width=\"300\" height=\"142\" srcset=\"https:\/\/www.ecuadoraldia.com.ec\/wp-content\/uploads\/2018\/10\/nner-300x142.jpg 300w, https:\/\/www.ecuadoraldia.com.ec\/wp-content\/uploads\/2018\/10\/nner-768x362.jpg 768w, https:\/\/www.ecuadoraldia.com.ec\/wp-content\/uploads\/2018\/10\/nner-1024x483.jpg 1024w, https:\/\/www.ecuadoraldia.com.ec\/wp-content\/uploads\/2018\/10\/nner.jpg 1200w\" sizes=\"(max-width: 300px) 100vw, 300px\" \/><\/a><\/p>\n<p>\u00c9nner Valencia, con 28 a\u00f1os, est\u00e1 a tiro de situarse en el podio de los m\u00e1ximos goleador de la \u00abTri\u00bb. El ariete ha sido criticado por un sector de la hinchada, pero siempre es preferido por los t\u00e9cnicos de la Selecci\u00f3n Nacional. El delantero, oriundo de San Lorenzo (Esmeraldas), acumula 25 anotaciones y es tercer m\u00e1ximo goleador de la Selecci\u00f3n. Est\u00e1 a una diana de Eduardo \u00abTanque\u00bb Hurtado<\/p>\n","protected":false},"excerpt":{"rendered":"<p>EFE El t\u00e9cnico de la selecci\u00f3n de Ecuador, el colombiano Hern\u00e1n \u00abel Bolillo\u00bb G\u00f3mez, no quiso poner excusas en la<\/p>\n","protected":false},"author":1,"featured_media":17158,"comment_status":"closed","ping_status":"closed","sticky":false,"template":"","format":"standard","meta":{"footnotes":""},"categories":[10],"tags":[73],"_links":{"self":[{"href":"https:\/\/www.ecuadoraldia.com.ec\/index.php?rest_route=\/wp\/v2\/posts\/17154"}],"collection":[{"href":"https:\/\/www.ecuadoraldia.com.ec\/index.php?rest_route=\/wp\/v2\/posts"}],"about":[{"href":"https:\/\/www.ecuadoraldia.com.ec\/index.php?rest_route=\/wp\/v2\/types\/post"}],"author":[{"embeddable":true,"href":"https:\/\/www.ecuadoraldia.com.ec\/index.php?rest_route=\/wp\/v2\/users\/1"}],"replies":[{"embeddable":true,"href":"https:\/\/www.ecuadoraldia.com.ec\/index.php?rest_route=%2Fwp%2Fv2%2Fcomments&post=17154"}],"version-history":[{"count":4,"href":"https:\/\/www.ecuadoraldia.com.ec\/index.php?rest_route=\/wp\/v2\/posts\/17154\/revisions"}],"predecessor-version":[{"id":17160,"href":"https:\/\/www.ecuadoraldia.com.ec\/index.php?rest_route=\/wp\/v2\/posts\/17154\/revisions\/17160"}],"wp:featuredmedia":[{"embeddable":true,"href":"https:\/\/www.ecuadoraldia.com.ec\/index.php?rest_route=\/wp\/v2\/media\/17158"}],"wp:attachment":[{"href":"https:\/\/www.ecuadoraldia.com.ec\/index.php?rest_route=%2Fwp%2Fv2%2Fmedia&parent=17154"}],"wp:term":[{"taxonomy":"category","embeddable":true,"href":"https:\/\/www.ecuadoraldia.com.ec\/index.php?rest_route=%2Fwp%2Fv2%2Fcategories&post=17154"},{"taxonomy":"post_tag","embeddable":true,"href":"https:\/\/www.ecuadoraldia.com.ec\/index.php?rest_route=%2Fwp%2Fv2%2Ftags&post=17154"}],"curies":[{"name":"wp","href":"https:\/\/api.w.org\/{rel}","templated":true}]}}