{"id":17164,"date":"2018-10-16T17:00:18","date_gmt":"2018-10-16T22:00:18","guid":{"rendered":"http:\/\/www.ecuadoraldia.com.ec\/?p=17164"},"modified":"2018-10-16T17:00:18","modified_gmt":"2018-10-16T22:00:18","slug":"fiscalia-investiga-a-espin-y-cadena-en-el-caso-balda","status":"publish","type":"post","link":"https:\/\/www.ecuadoraldia.com.ec\/?p=17164","title":{"rendered":"Fiscal\u00eda investiga \u00a0a\u00a0 Esp\u00edn y Cadena en el caso Balda"},"content":{"rendered":"<p><a href=\"http:\/\/www.ecuadoraldia.com.ec\/wp-content\/uploads\/2018\/10\/Espin-y-Cadena.jpg\"><img loading=\"lazy\" decoding=\"async\" class=\"alignleft size-medium wp-image-17165\" src=\"http:\/\/www.ecuadoraldia.com.ec\/wp-content\/uploads\/2018\/10\/Espin-y-Cadena-300x150.jpg\" alt=\"\" width=\"300\" height=\"150\" srcset=\"https:\/\/www.ecuadoraldia.com.ec\/wp-content\/uploads\/2018\/10\/Espin-y-Cadena-300x150.jpg 300w, https:\/\/www.ecuadoraldia.com.ec\/wp-content\/uploads\/2018\/10\/Espin-y-Cadena.jpg 682w\" sizes=\"(max-width: 300px) 100vw, 300px\" \/><\/a><\/p>\n<p>La Fiscal\u00eda investiga c\u00f3mo se dio la visita de la asamble\u00edsta corre\u00edsta Sof\u00eda Esp\u00edn y la abogada del ex presidente de la rep\u00fablica \u00a0Rafael Correa, Yadira Cadena, a la casa de acogida donde se encuentra la ex agente de \u00a0Polic\u00eda Diana Falc\u00f3n, testigo y recluida en una c\u00e1rcel por el caso Balda.<\/p>\n<p>La apertura de la indagaci\u00f3n est\u00e1 a cargo de \u00a0la fiscal General Subrogante, Ruth Palacios, quien\u00a0 a trav\u00e9s de un escrito, del pasado 11 de octubre, la funcionaria dispuso que se realicen las pericias del caso \u00a0para recabar \u00a0la \u00a0informaci\u00f3n.<\/p>\n<p>Entre las diligencias, la Fiscal\u00eda solicit\u00f3 que la agente Diana Falc\u00f3n rinda su versi\u00f3n el mi\u00e9rcoles 17 de octubre del 2018, a las 12:000. Tambi\u00e9n se pidi\u00f3 al Foro de Abogados del Consejo de la Judicatura que certifique si Yadira Cadena, abogada del buffete que defiende al Economista Rafael Correa, en el caso del secuestro al activista pol\u00edtico Fernando Balda, \u00a0se encuentra registrada como abogada y que remita sus datos sobre su matr\u00edcula profesional.<\/p>\n<p>Al director del Centro de Privaci\u00f3n de la Libertad Femenino de Atenci\u00f3n Prioritaria, que funciona en Chillogalo, sur de \u00a0Quito, se le pidi\u00f3 que en el plazo de cinco d\u00edas env\u00ede una certificaci\u00f3n sobre el registro de las personas que ingresaron el 24 de septiembre del 2018, en el horario de 08:00 a 12:00, como visita de Falc\u00f3n. Adem\u00e1s que se confirme si la asamble\u00edsta Esp\u00edn y la abogada Cadena constan en el listado de personas autorizadas para visitar a la polic\u00eda.<\/p>\n<p>A la Asamblea, la Fiscal\u00eda solicit\u00f3 que confirme qu\u00e9 actividades legislativas ten\u00eda que participar la asamble\u00edsta Esp\u00edn el 24 de septiembre y si las cumpli\u00f3 o no.<\/p>\n<p>Seg\u00fan Falc\u00f3n, Esp\u00edn y Cadena la contactaron en la c\u00e1rcel y le ofrecieron protecci\u00f3n de la ONU, asilo en B\u00e9lgica y hasta dinero a cambio de que se retracte de su testimonio en el que se\u00f1ala a Correa como la persona que orden\u00f3 el secuestro del exsamble\u00edsta Fernando Balda, en el 2012.<\/p>\n<p>Las dos investigadas han asegurado que no hicieron esas ofertas y que simplemente se trat\u00f3 de una \u201cvisita humanitaria\u201d para solidarizarse con la agente. Esp\u00edn agreg\u00f3 que acudi\u00f3 a la c\u00e1rcel como parte de su trabajo de fiscalizadora. Cadena, en cambio, asegur\u00f3 que Falc\u00f3n le pidi\u00f3 que la visite y que todo fue legal.<\/p>\n<p>Tras este hecho, el Ministerio de Justicia denunci\u00f3 que tal ingreso se hizo violando los protocolos. Por eso fue removida la directora del centro carcelario.<\/p>\n","protected":false},"excerpt":{"rendered":"<p>La Fiscal\u00eda investiga c\u00f3mo se dio la visita de la asamble\u00edsta corre\u00edsta Sof\u00eda Esp\u00edn y la abogada del ex presidente<\/p>\n","protected":false},"author":1,"featured_media":17165,"comment_status":"closed","ping_status":"closed","sticky":false,"template":"","format":"standard","meta":{"footnotes":""},"categories":[5],"tags":[],"_links":{"self":[{"href":"https:\/\/www.ecuadoraldia.com.ec\/index.php?rest_route=\/wp\/v2\/posts\/17164"}],"collection":[{"href":"https:\/\/www.ecuadoraldia.com.ec\/index.php?rest_route=\/wp\/v2\/posts"}],"about":[{"href":"https:\/\/www.ecuadoraldia.com.ec\/index.php?rest_route=\/wp\/v2\/types\/post"}],"author":[{"embeddable":true,"href":"https:\/\/www.ecuadoraldia.com.ec\/index.php?rest_route=\/wp\/v2\/users\/1"}],"replies":[{"embeddable":true,"href":"https:\/\/www.ecuadoraldia.com.ec\/index.php?rest_route=%2Fwp%2Fv2%2Fcomments&post=17164"}],"version-history":[{"count":1,"href":"https:\/\/www.ecuadoraldia.com.ec\/index.php?rest_route=\/wp\/v2\/posts\/17164\/revisions"}],"predecessor-version":[{"id":17166,"href":"https:\/\/www.ecuadoraldia.com.ec\/index.php?rest_route=\/wp\/v2\/posts\/17164\/revisions\/17166"}],"wp:featuredmedia":[{"embeddable":true,"href":"https:\/\/www.ecuadoraldia.com.ec\/index.php?rest_route=\/wp\/v2\/media\/17165"}],"wp:attachment":[{"href":"https:\/\/www.ecuadoraldia.com.ec\/index.php?rest_route=%2Fwp%2Fv2%2Fmedia&parent=17164"}],"wp:term":[{"taxonomy":"category","embeddable":true,"href":"https:\/\/www.ecuadoraldia.com.ec\/index.php?rest_route=%2Fwp%2Fv2%2Fcategories&post=17164"},{"taxonomy":"post_tag","embeddable":true,"href":"https:\/\/www.ecuadoraldia.com.ec\/index.php?rest_route=%2Fwp%2Fv2%2Ftags&post=17164"}],"curies":[{"name":"wp","href":"https:\/\/api.w.org\/{rel}","templated":true}]}}