{"id":17170,"date":"2018-10-17T14:25:49","date_gmt":"2018-10-17T19:25:49","guid":{"rendered":"http:\/\/www.ecuadoraldia.com.ec\/?p=17170"},"modified":"2018-10-17T14:33:21","modified_gmt":"2018-10-17T19:33:21","slug":"militares-detenidos-por-presunta-venta-de-armas-a-guacho","status":"publish","type":"post","link":"https:\/\/www.ecuadoraldia.com.ec\/?p=17170","title":{"rendered":"Militares detenidos por presunta venta de armas"},"content":{"rendered":"<p><a href=\"http:\/\/www.ecuadoraldia.com.ec\/wp-content\/uploads\/2018\/10\/MPROMO.jpg\"><img loading=\"lazy\" decoding=\"async\" class=\"alignleft size-medium wp-image-17171\" src=\"http:\/\/www.ecuadoraldia.com.ec\/wp-content\/uploads\/2018\/10\/MPROMO-300x105.jpg\" alt=\"\" width=\"300\" height=\"105\" srcset=\"https:\/\/www.ecuadoraldia.com.ec\/wp-content\/uploads\/2018\/10\/MPROMO-300x105.jpg 300w, https:\/\/www.ecuadoraldia.com.ec\/wp-content\/uploads\/2018\/10\/MPROMO-768x269.jpg 768w, https:\/\/www.ecuadoraldia.com.ec\/wp-content\/uploads\/2018\/10\/MPROMO.jpg 1024w\" sizes=\"(max-width: 300px) 100vw, 300px\" \/><\/a><\/p>\n<p>Varias personas fueron detenidas este mi\u00e9rcoles dentro del operativo denominado &#8216;Camale\u00f3n&#8217; que se realiz\u00f3 en cuatro provincias del pa\u00eds, en el marco de una investigaci\u00f3n judicial sobre tr\u00e1fico de armas, explosivos, munici\u00f3n y delincuencia organizada.<\/p>\n<p>La ministra del Interior, Mar\u00eda Paula Romo, se\u00f1al\u00f3 esta ma\u00f1ana que se han realizado siete llanamientos a recintos militares donde se hicieron varias detenciones. Agreg\u00f3 que se trata de dos delitos distintos.<\/p>\n<p>El operativo a\u00fan no termina, se\u00f1al\u00f3 la funcionaria, quien precisa que a m\u00e1s de al menos diez militares en servicio activo tambi\u00e9n hay civiles involucrados.<\/p>\n<p>La ministra se\u00f1al\u00f3 que el tema lo convers\u00f3 con el ministro de Defensa y con el Comando Conjunto de las Fuerzas Armadas, quienes har\u00e1n las respectivas declaraciones.<\/p>\n<p>Se\u00f1al\u00f3 que cuando se realice la audiencia de formulaci\u00f3n de cargos se dar\u00e1n m\u00e1s detalles de la operaci\u00f3n.<\/p>\n<p>El operativo se efect\u00faa para detectar faltantes de armas que se presume habr\u00edan sido vendidas a la organizaci\u00f3n de alias \u00abGuacho\u00bb en la frontera norte.<\/p>\n<p>Esta trama es parte de las investigaciones que se desarrollan en la zona de frontera con Colombia, a las 15h00 el Comandante del Ejercito Roque Moreira dar\u00e1 mas detalles del operativo.<\/p>\n<p>&nbsp;<\/p>\n<p>&nbsp;<\/p>\n","protected":false},"excerpt":{"rendered":"<p>Varias personas fueron detenidas este mi\u00e9rcoles dentro del operativo denominado &#8216;Camale\u00f3n&#8217; que se realiz\u00f3 en cuatro provincias del pa\u00eds, en<\/p>\n","protected":false},"author":1,"featured_media":17171,"comment_status":"closed","ping_status":"closed","sticky":false,"template":"","format":"standard","meta":{"footnotes":""},"categories":[1],"tags":[],"_links":{"self":[{"href":"https:\/\/www.ecuadoraldia.com.ec\/index.php?rest_route=\/wp\/v2\/posts\/17170"}],"collection":[{"href":"https:\/\/www.ecuadoraldia.com.ec\/index.php?rest_route=\/wp\/v2\/posts"}],"about":[{"href":"https:\/\/www.ecuadoraldia.com.ec\/index.php?rest_route=\/wp\/v2\/types\/post"}],"author":[{"embeddable":true,"href":"https:\/\/www.ecuadoraldia.com.ec\/index.php?rest_route=\/wp\/v2\/users\/1"}],"replies":[{"embeddable":true,"href":"https:\/\/www.ecuadoraldia.com.ec\/index.php?rest_route=%2Fwp%2Fv2%2Fcomments&post=17170"}],"version-history":[{"count":4,"href":"https:\/\/www.ecuadoraldia.com.ec\/index.php?rest_route=\/wp\/v2\/posts\/17170\/revisions"}],"predecessor-version":[{"id":17175,"href":"https:\/\/www.ecuadoraldia.com.ec\/index.php?rest_route=\/wp\/v2\/posts\/17170\/revisions\/17175"}],"wp:featuredmedia":[{"embeddable":true,"href":"https:\/\/www.ecuadoraldia.com.ec\/index.php?rest_route=\/wp\/v2\/media\/17171"}],"wp:attachment":[{"href":"https:\/\/www.ecuadoraldia.com.ec\/index.php?rest_route=%2Fwp%2Fv2%2Fmedia&parent=17170"}],"wp:term":[{"taxonomy":"category","embeddable":true,"href":"https:\/\/www.ecuadoraldia.com.ec\/index.php?rest_route=%2Fwp%2Fv2%2Fcategories&post=17170"},{"taxonomy":"post_tag","embeddable":true,"href":"https:\/\/www.ecuadoraldia.com.ec\/index.php?rest_route=%2Fwp%2Fv2%2Ftags&post=17170"}],"curies":[{"name":"wp","href":"https:\/\/api.w.org\/{rel}","templated":true}]}}