{"id":1718,"date":"2014-03-26T22:49:06","date_gmt":"2014-03-26T22:49:06","guid":{"rendered":"http:\/\/www.ecuadoraldia.com.ec\/?p=1718"},"modified":"2014-03-26T22:49:06","modified_gmt":"2014-03-26T22:49:06","slug":"supercom-hace-efectiva-sancion-contra-diario-extra","status":"publish","type":"post","link":"https:\/\/www.ecuadoraldia.com.ec\/?p=1718","title":{"rendered":"Supercom hace efectiva sanci\u00f3n contra diario Extra"},"content":{"rendered":"<p><a href=\"http:\/\/www.ecuadoraldia.com.ec\/wp-content\/uploads\/2014\/03\/supercom_extra_.jpg\"><img loading=\"lazy\" decoding=\"async\" src=\"http:\/\/www.ecuadoraldia.com.ec\/wp-content\/uploads\/2014\/03\/supercom_extra_-300x230.jpg\" alt=\"supercom_extra_\" width=\"300\" height=\"230\" class=\"alignleft size-medium wp-image-1719\" srcset=\"https:\/\/www.ecuadoraldia.com.ec\/wp-content\/uploads\/2014\/03\/supercom_extra_-300x230.jpg 300w, https:\/\/www.ecuadoraldia.com.ec\/wp-content\/uploads\/2014\/03\/supercom_extra_.jpg 328w\" sizes=\"(max-width: 300px) 100vw, 300px\" \/><\/a>Carlos Ochoa, superintendente de Comunicaci\u00f3n (Supercom), ratific\u00f3 que se cumpli\u00f3 con el debido proceso, en cuanto a la multa que la instituci\u00f3n emiti\u00f3 a Gr\u00e1ficos Nacionales S.A (Diario Extra), por haber incurrido en la figura de reincidencia, establecida en el numeral 3 del art\u00edculo 23 de la Ley de Comunicaci\u00f3n.<\/p>\n<p>Ochoa se\u00f1al\u00f3 que la sanci\u00f3n corresponde al 10% de la facturaci\u00f3n promediada de los \u00faltimos tres meses, presentada en sus declaraciones al Servicio de Rentas Internas (SRI).<\/p>\n<p>El funcionario record\u00f3 que el 29 de noviembre de 2013, la Escuela Superior Polit\u00e9cnica de Chimborazo puso en conocimiento de la Supercom sus observaciones a las publicaciones tituladas \u00abDe la reuni\u00f3n a la tumba\u00bb y \u00abSe fue al cielo con el t\u00edtulo de licenciada\u00bb, de las ediciones del 23 y 24 de noviembre del mismo a\u00f1o, sobre el tr\u00e1gico fallecimiento del rector y relacionista p\u00fablica de dicha universidad.<\/p>\n<p>Manifest\u00f3 que el 17 de diciembre, la Supercom solicit\u00f3 al medio de comunicaci\u00f3n la rectificaci\u00f3n de las publicaciones y disculpas p\u00fablicas, pero que Diario Extra no cumpli\u00f3 con la solicitud en el plazo de 72 horas, que estipula la Ley.<\/p>\n<p>Sin embargo, Ochoa detall\u00f3 que esas notas no fueron los \u00fanicos casos, pues el pasado 11 de diciembre de 2013, Rocio C. y Mariana C. solicitaron una rectificaci\u00f3n de Diario Extra por la nota \u00abLo atraparon en el taxi de su hermano\u00bb, publicada el 6 de diciembre de 2013, pero, que tampoco se realiz\u00f3 la rectificaci\u00f3n de esta nota. <\/p>\n<p>\u00abEsto puso en peligro la vida de la persona que se encontraba detenida y obviamente la familia solicit\u00f3 una rectificaci\u00f3n a la Supercom y se emiti\u00f3 dicha resoluci\u00f3n\u00bb, manifest\u00f3.<\/p>\n<p>El funcionario de Estado se\u00f1al\u00f3 que no se cumpli\u00f3 con el derecho a la rectificaci\u00f3n y que motivaron el inicio del proceso  de oficio por haber incurrido en la reincidencia. \u00abDiario Extra no de ahora, sino de hace mucho tiempo, ha venido emitiendo contenidos ofensivos a los derechos humanos, a la dignidad de las personas\u00bb, dijo Ochoa, quien se\u00f1al\u00f3 que por estos mismos procesos ya se encuentra la denuncia en la Fiscal\u00eda por parte de la Superintendencia, \u00abporque el Diario Extra podr\u00eda haber incurrido en desacato a la Ley de Comunicaci\u00f3n y a esta autoridad\u00bb.<\/p>\n<p>La Sociedad Interamericana de Prensa (SIP) manifest\u00f3 hoy que la multa impuesta por el Gobierno ecuatoriano al diario Extra es \u00abatentatoria contra la estabilidad de la empresa privada y la libertad de prensa\u00bb. La SIP, con sede en Miami, agreg\u00f3 que se trata de una medida con la que el Gobierno intenta \u00abevitar el papel fiscalizador de los medios de comunicaci\u00f3n y la opini\u00f3n p\u00fablica\u00bb.<\/p>\n<p>La Superintendencia de Informaci\u00f3n y Comunicaci\u00f3n (Supercom), mult\u00f3 a Extra con el pago del 10% de la facturaci\u00f3n promedio de los \u00faltimos tres meses.<\/p>\n","protected":false},"excerpt":{"rendered":"<p>Carlos Ochoa, superintendente de Comunicaci\u00f3n (Supercom), ratific\u00f3 que se cumpli\u00f3 con el debido proceso, en cuanto a la multa que<\/p>\n","protected":false},"author":1,"featured_media":0,"comment_status":"open","ping_status":"open","sticky":false,"template":"","format":"standard","meta":{"footnotes":""},"categories":[1],"tags":[],"_links":{"self":[{"href":"https:\/\/www.ecuadoraldia.com.ec\/index.php?rest_route=\/wp\/v2\/posts\/1718"}],"collection":[{"href":"https:\/\/www.ecuadoraldia.com.ec\/index.php?rest_route=\/wp\/v2\/posts"}],"about":[{"href":"https:\/\/www.ecuadoraldia.com.ec\/index.php?rest_route=\/wp\/v2\/types\/post"}],"author":[{"embeddable":true,"href":"https:\/\/www.ecuadoraldia.com.ec\/index.php?rest_route=\/wp\/v2\/users\/1"}],"replies":[{"embeddable":true,"href":"https:\/\/www.ecuadoraldia.com.ec\/index.php?rest_route=%2Fwp%2Fv2%2Fcomments&post=1718"}],"version-history":[{"count":1,"href":"https:\/\/www.ecuadoraldia.com.ec\/index.php?rest_route=\/wp\/v2\/posts\/1718\/revisions"}],"predecessor-version":[{"id":1720,"href":"https:\/\/www.ecuadoraldia.com.ec\/index.php?rest_route=\/wp\/v2\/posts\/1718\/revisions\/1720"}],"wp:attachment":[{"href":"https:\/\/www.ecuadoraldia.com.ec\/index.php?rest_route=%2Fwp%2Fv2%2Fmedia&parent=1718"}],"wp:term":[{"taxonomy":"category","embeddable":true,"href":"https:\/\/www.ecuadoraldia.com.ec\/index.php?rest_route=%2Fwp%2Fv2%2Fcategories&post=1718"},{"taxonomy":"post_tag","embeddable":true,"href":"https:\/\/www.ecuadoraldia.com.ec\/index.php?rest_route=%2Fwp%2Fv2%2Ftags&post=1718"}],"curies":[{"name":"wp","href":"https:\/\/api.w.org\/{rel}","templated":true}]}}