{"id":172,"date":"2013-04-23T20:08:40","date_gmt":"2013-04-23T20:08:40","guid":{"rendered":"http:\/\/www.ecuadoraldia.com.ec\/?p=172"},"modified":"2013-04-23T20:08:40","modified_gmt":"2013-04-23T20:08:40","slug":"reese-witherspoon-avergonzada","status":"publish","type":"post","link":"https:\/\/www.ecuadoraldia.com.ec\/?p=172","title":{"rendered":"Reese Witherspoon, avergonzada"},"content":{"rendered":"<p><a href=\"http:\/\/www.ecuadoraldia.com.ec\/wp-content\/uploads\/2013\/04\/ree.jpg\"><img loading=\"lazy\" decoding=\"async\" class=\"alignleft size-medium wp-image-173\" alt=\"ree\" src=\"http:\/\/www.ecuadoraldia.com.ec\/wp-content\/uploads\/2013\/04\/ree-300x297.jpg\" width=\"300\" height=\"297\" srcset=\"https:\/\/www.ecuadoraldia.com.ec\/wp-content\/uploads\/2013\/04\/ree-300x297.jpg 300w, https:\/\/www.ecuadoraldia.com.ec\/wp-content\/uploads\/2013\/04\/ree-150x150.jpg 150w, https:\/\/www.ecuadoraldia.com.ec\/wp-content\/uploads\/2013\/04\/ree.jpg 1000w\" sizes=\"(max-width: 300px) 100vw, 300px\" \/><\/a>WASHINGTON, EFE. \u2022 La ganadora de un \u00d3scar Reese Witherspoon, que encara cargos por conducta inapropiada al enfrentarse a un polic\u00eda en Atlanta que detuvo a su marido, Jim Toth, por conducir bajos los efectos del alcohol, pidi\u00f3 ayer disculpas y se mostr\u00f3 \u201cprofundamente avergonzada\u201d por el incidente.<\/p>\n<p>\u201cQuiero decir claramente que me tom\u00e9 una copa m\u00e1s de lo necesario y estoy profundamente avergonzada sobre las cosas que dije\u201d, afirm\u00f3 Witherspoon, en un comunicado enviado ayer a la p\u00e1gina web TMZ.<\/p>\n<p>Los hechos<br \/>\nLa actriz de \u2018Walk the line\u2019 fue arrestada por enfrentarse a un polic\u00eda el viernes pasado durante un control de tr\u00e1fico en el que el agente detuvo a su esposo, el agente cinematogr\u00e1fico Jim Toth, por conducir en estado de embriaguez.<\/p>\n<p>\u201cFue una situaci\u00f3n aterradora y estaba asustada por mi marido, pero eso no es excusa. Fui irrespetuosa con el agente, que simplemente estaba haciendo su trabajo. No tengo otra cosa que respeto por el agente y estoy apenada por mi comportamiento\u201d, agreg\u00f3 la estrella.<\/p>\n<p>Seg\u00fan los documentos policiales, Witherspoon sali\u00f3 del autom\u00f3vil e increp\u00f3 al polic\u00eda asegur\u00e1ndole que iba \u201ca salir en las noticias nacionales (&#8230;) cuando descubriese qui\u00e9n era (ella)\u201d.<\/p>\n<p>Como resultado del incidente, la actriz fue esposada y trasladada junto a su marido a una comisar\u00eda de Atlanta, donde le fueron presentados los cargos formalmente.<\/p>\n<p>Witherspoon, de 37 a\u00f1os, se encontraba en Atlanta para rodar la pel\u00edcula \u2018The good lie\u2019.<\/p>\n","protected":false},"excerpt":{"rendered":"<p>WASHINGTON, EFE. \u2022 La ganadora de un \u00d3scar Reese Witherspoon, que encara cargos por conducta inapropiada al enfrentarse a un<\/p>\n","protected":false},"author":1,"featured_media":0,"comment_status":"open","ping_status":"open","sticky":false,"template":"","format":"standard","meta":{"footnotes":""},"categories":[1],"tags":[],"_links":{"self":[{"href":"https:\/\/www.ecuadoraldia.com.ec\/index.php?rest_route=\/wp\/v2\/posts\/172"}],"collection":[{"href":"https:\/\/www.ecuadoraldia.com.ec\/index.php?rest_route=\/wp\/v2\/posts"}],"about":[{"href":"https:\/\/www.ecuadoraldia.com.ec\/index.php?rest_route=\/wp\/v2\/types\/post"}],"author":[{"embeddable":true,"href":"https:\/\/www.ecuadoraldia.com.ec\/index.php?rest_route=\/wp\/v2\/users\/1"}],"replies":[{"embeddable":true,"href":"https:\/\/www.ecuadoraldia.com.ec\/index.php?rest_route=%2Fwp%2Fv2%2Fcomments&post=172"}],"version-history":[{"count":1,"href":"https:\/\/www.ecuadoraldia.com.ec\/index.php?rest_route=\/wp\/v2\/posts\/172\/revisions"}],"predecessor-version":[{"id":174,"href":"https:\/\/www.ecuadoraldia.com.ec\/index.php?rest_route=\/wp\/v2\/posts\/172\/revisions\/174"}],"wp:attachment":[{"href":"https:\/\/www.ecuadoraldia.com.ec\/index.php?rest_route=%2Fwp%2Fv2%2Fmedia&parent=172"}],"wp:term":[{"taxonomy":"category","embeddable":true,"href":"https:\/\/www.ecuadoraldia.com.ec\/index.php?rest_route=%2Fwp%2Fv2%2Fcategories&post=172"},{"taxonomy":"post_tag","embeddable":true,"href":"https:\/\/www.ecuadoraldia.com.ec\/index.php?rest_route=%2Fwp%2Fv2%2Ftags&post=172"}],"curies":[{"name":"wp","href":"https:\/\/api.w.org\/{rel}","templated":true}]}}