{"id":17301,"date":"2018-11-21T13:54:26","date_gmt":"2018-11-21T18:54:26","guid":{"rendered":"http:\/\/www.ecuadoraldia.com.ec\/?p=17301"},"modified":"2018-11-21T13:55:49","modified_gmt":"2018-11-21T18:55:49","slug":"transportistas-de-imbabura-llegaan-a-la-asamblea-nacional","status":"publish","type":"post","link":"https:\/\/www.ecuadoraldia.com.ec\/?p=17301","title":{"rendered":"Transportistas de Imbabura llegan a Quito para exigir respuesta al gobierno"},"content":{"rendered":"<p><a href=\"http:\/\/www.ecuadoraldia.com.ec\/wp-content\/uploads\/2018\/11\/paro-imbabura.jpg\"><img loading=\"lazy\" decoding=\"async\" class=\"alignleft size-medium wp-image-17302\" src=\"http:\/\/www.ecuadoraldia.com.ec\/wp-content\/uploads\/2018\/11\/paro-imbabura-300x169.jpg\" alt=\"\" width=\"300\" height=\"169\" srcset=\"https:\/\/www.ecuadoraldia.com.ec\/wp-content\/uploads\/2018\/11\/paro-imbabura-300x169.jpg 300w, https:\/\/www.ecuadoraldia.com.ec\/wp-content\/uploads\/2018\/11\/paro-imbabura.jpg 768w\" sizes=\"(max-width: 300px) 100vw, 300px\" \/><\/a><\/p>\n<p>La reuni\u00f3n pactada entre los transportistas de Imbabura, llegaron este mi\u00e9rcoles 21 de noviembre de 2018 a la Asamblea Nacional, para exponer en la Comisi\u00f3n que analiza las Reformas a la Ley de tr\u00e1nsito, sus objeciones al contenido de dichas reformas, en lo pertinente a las sanciones, multas y entrega de licencias.<\/p>\n<p>La enmienda, con la que no est\u00e1n de acuerdo los conductores, fue el detonante para que las principales v\u00edas de Imbabura y del cant\u00f3n Mont\u00fafar, en Carchi, se bloquearan el 15 de noviembre pasado durante ocho horas.<\/p>\n<p>Los profesionales del volante de las modalidades interprovincial, intercantonal y urbana de pasajeros y los taxistas, de camionetas y transporte escolar de Imbabura cerraron las v\u00edas con sus veh\u00edculos y neum\u00e1ticos en rechazo a la reforma de dicha ley, porque dicen que no han sido tomados en cuenta.<\/p>\n<p>Tambi\u00e9n cuestionan la instalaci\u00f3n de radares en las carreteras del pa\u00eds. Comentan que esa medida solo busca generar recursos, a trav\u00e9s de multas. Consideran que la alternativa deber\u00eda ser la educaci\u00f3n vial a todo nivel. De esta manera tambi\u00e9n qued\u00f3 de lado un nuevo bloqueo de las carreteras previsto para este mi\u00e9rcoles, como anunciaron los transportistas imbabure\u00f1os si no llegaban el Ministro de Transporte y el Director de la ANT.<\/p>\n<p>Adem\u00e1s una reuni\u00f3n que estaba prevista horas antes con autoridades del gobierno, se posterg\u00f3 para el 27 de este mas.<\/p>\n<p>Los transportistas que integran los gremios de transporte de pasajeros como FENACOTIP, y la transportaci\u00f3n pesada, as\u00ed como la de carga liviana, y otras agrupaciones se pronunciaron la semana pasada en un manifiesto, publicado en la prensa, en la que hacen constar su malestar al gobierno, por la falta de accionar para resolver los problemas del sector.<\/p>\n<p>El Presidente de la federaci\u00f3n Nacional de Cooperativas de Transporte Interprovincial de Pasajeros, FENACOTIP Abg. Abel G\u00f3mez, critica el accionar de la ANT y el MTOP, que no dan paso a la soluci\u00f3n de sus reclamos, entre los que cosntan el pago de recursos atrasados por el medio pasaje a los sectores vulnerables, entre otros.<\/p>\n<p>As\u00ed mismo cuestiona que el la Comisi\u00f3n de la Asamblea, donde se tratan las reformas a la Ley de Transito, sus pedidos no tengan eco.<\/p>\n<p>La lucha es constante, y en los actuales momentos todas las federaciones del transporte, estamos unidos, para demandar del gobierno la atenci\u00f3n necesaria, enfatiz\u00f3 el dirigenete.<\/p>\n<p>&nbsp;<\/p>\n","protected":false},"excerpt":{"rendered":"<p>La reuni\u00f3n pactada entre los transportistas de Imbabura, llegaron este mi\u00e9rcoles 21 de noviembre de 2018 a la Asamblea Nacional,<\/p>\n","protected":false},"author":1,"featured_media":17302,"comment_status":"closed","ping_status":"closed","sticky":false,"template":"","format":"standard","meta":{"footnotes":""},"categories":[11],"tags":[],"_links":{"self":[{"href":"https:\/\/www.ecuadoraldia.com.ec\/index.php?rest_route=\/wp\/v2\/posts\/17301"}],"collection":[{"href":"https:\/\/www.ecuadoraldia.com.ec\/index.php?rest_route=\/wp\/v2\/posts"}],"about":[{"href":"https:\/\/www.ecuadoraldia.com.ec\/index.php?rest_route=\/wp\/v2\/types\/post"}],"author":[{"embeddable":true,"href":"https:\/\/www.ecuadoraldia.com.ec\/index.php?rest_route=\/wp\/v2\/users\/1"}],"replies":[{"embeddable":true,"href":"https:\/\/www.ecuadoraldia.com.ec\/index.php?rest_route=%2Fwp%2Fv2%2Fcomments&post=17301"}],"version-history":[{"count":3,"href":"https:\/\/www.ecuadoraldia.com.ec\/index.php?rest_route=\/wp\/v2\/posts\/17301\/revisions"}],"predecessor-version":[{"id":17305,"href":"https:\/\/www.ecuadoraldia.com.ec\/index.php?rest_route=\/wp\/v2\/posts\/17301\/revisions\/17305"}],"wp:featuredmedia":[{"embeddable":true,"href":"https:\/\/www.ecuadoraldia.com.ec\/index.php?rest_route=\/wp\/v2\/media\/17302"}],"wp:attachment":[{"href":"https:\/\/www.ecuadoraldia.com.ec\/index.php?rest_route=%2Fwp%2Fv2%2Fmedia&parent=17301"}],"wp:term":[{"taxonomy":"category","embeddable":true,"href":"https:\/\/www.ecuadoraldia.com.ec\/index.php?rest_route=%2Fwp%2Fv2%2Fcategories&post=17301"},{"taxonomy":"post_tag","embeddable":true,"href":"https:\/\/www.ecuadoraldia.com.ec\/index.php?rest_route=%2Fwp%2Fv2%2Ftags&post=17301"}],"curies":[{"name":"wp","href":"https:\/\/api.w.org\/{rel}","templated":true}]}}